{"id":59242,"date":"2016-01-27T15:36:28","date_gmt":"2016-01-27T13:36:28","guid":{"rendered":"http:\/\/www.sana.sy\/tr\/?p=59242"},"modified":"2016-01-27T15:36:28","modified_gmt":"2016-01-27T13:36:28","slug":"suriyeli-122-sirket-uluslararasi-koye-katildi","status":"publish","type":"post","link":"https:\/\/archive.sana.sy\/tr\/?p=59242","title":{"rendered":"Suriyeli 122 \u015eirket Uluslararas\u0131 K\u00f6ye Kat\u0131ld\u0131"},"content":{"rendered":"<p>\u015eAM \u2013 Suriyeli 122 \u015firket; Dubai\u2019de d\u00fczenlenen Uluslararas\u0131 K\u00f6y Fuar\u0131na kat\u0131larak 4 bin metre karelik \u00f6zel stantta Suriye mal\u0131 g\u0131da \u00fcr\u00fcnleri, tekstil ve aksesuarlar\u0131n\u0131 sergiledi.<\/p>\n<p><a href=\"http:\/\/www.sana.sy\/tr\/wp-content\/uploads\/2016\/01\/1-78.jpg\"><img loading=\"lazy\" decoding=\"async\" class=\"alignright wp-image-59248 size-medium\" src=\"http:\/\/www.sana.sy\/tr\/wp-content\/uploads\/2016\/01\/1-78-300x168.jpg\" alt=\"1\" width=\"300\" height=\"168\" srcset=\"https:\/\/archive.sana.sy\/tr\/wp-content\/uploads\/2016\/01\/1-78-300x168.jpg 300w, https:\/\/archive.sana.sy\/tr\/wp-content\/uploads\/2016\/01\/1-78-150x84.jpg 150w, https:\/\/archive.sana.sy\/tr\/wp-content\/uploads\/2016\/01\/1-78.jpg 660w\" sizes=\"auto, (max-width: 300px) 100vw, 300px\" \/><\/a>\u0130hracat\u00e7\u0131lar Birli\u011fi Ba\u015fkan\u0131 Muhammed el Sevvah a\u00e7\u0131l\u0131\u015fta yapt\u0131\u011f\u0131 a\u00e7\u0131klamada; Suriyeli \u015firketlerin fuara yo\u011fun kat\u0131l\u0131m\u0131n\u0131n, Suriyelilerin mevcut ko\u015fullara ra\u011fmen nitelik ve nicelik a\u00e7\u0131dan \u00fcretim sanayisini s\u00fcrd\u00fcrme azimlerini yans\u0131tt\u0131\u011f\u0131na dikkat \u00e7ekti. Sevvah kat\u0131l\u0131m\u0131n ayn\u0131 zamanda Suriye ve halk\u0131na kar\u015f\u0131 uygulanan ekonomik yapt\u0131r\u0131mlara da meydan okuma niteli\u011fi ta\u015f\u0131d\u0131\u011f\u0131n\u0131 belirtti.<\/p>\n<p>Fuar\u0131n Dubai\u2019de en b\u00fcy\u00fck ve en \u00f6nemli al\u0131\u015fveri\u015f merkezlerinden biri say\u0131ld\u0131\u011f\u0131na dikkat \u00e7eken Sevvah; 160 g\u00fcn s\u00fcren fuara d\u00fcnyan\u0131n muhtelif devletlerinden 5 milyonun \u00fcst\u00fcnde ziyaret\u00e7isi oldu\u011funa i\u015faret etti.<\/p>\n","protected":false},"excerpt":{"rendered":"<p>\u015eAM \u2013 Suriyeli 122 \u015firket; Dubai\u2019de d\u00fczenlenen Uluslararas\u0131 K\u00f6y Fuar\u0131na kat\u0131larak 4 bin metre karelik \u00f6zel stantta Suriye mal\u0131 g\u0131da \u00fcr\u00fcnleri, tekstil ve aksesuarlar\u0131n\u0131 sergiledi. \u0130hracat\u00e7\u0131lar Birli\u011fi Ba\u015fkan\u0131 Muhammed el Sevvah a\u00e7\u0131l\u0131\u015fta yapt\u0131\u011f\u0131 a\u00e7\u0131klamada; Suriyeli \u015firketlerin fuara yo\u011fun kat\u0131l\u0131m\u0131n\u0131n, Suriyelilerin mevcut ko\u015fullara ra\u011fmen nitelik ve nicelik a\u00e7\u0131dan \u00fcretim sanayisini s\u00fcrd\u00fcrme azimlerini yans\u0131tt\u0131\u011f\u0131na dikkat \u00e7ekti. Sevvah &hellip;<\/p>\n","protected":false},"author":1,"featured_media":59247,"comment_status":"closed","ping_status":"closed","sticky":false,"template":"","format":"standard","meta":{"footnotes":""},"categories":[485,486,17988],"tags":[18836,18832,18833,18835,18837,18831,18834,18734],"class_list":["post-59242","post","type-post","status-publish","format-standard","has-post-thumbnail","","category-is-ve-sermaye","category-haberler-is-ve-sermaye","category-son-haberler","tag-aksesuar","tag-dubai","tag-dunya-koyu-fuari","tag-gida-urunleri","tag-suriye-standi","tag-suriyeli-122-sirket-uluslararasi-koye-katildi","tag-suriyeli-sirketler","tag-tekstil"],"_links":{"self":[{"href":"https:\/\/archive.sana.sy\/tr\/index.php?rest_route=\/wp\/v2\/posts\/59242","targetHints":{"allow":["GET"]}}],"collection":[{"href":"https:\/\/archive.sana.sy\/tr\/index.php?rest_route=\/wp\/v2\/posts"}],"about":[{"href":"https:\/\/archive.sana.sy\/tr\/index.php?rest_route=\/wp\/v2\/types\/post"}],"author":[{"embeddable":true,"href":"https:\/\/archive.sana.sy\/tr\/index.php?rest_route=\/wp\/v2\/users\/1"}],"replies":[{"embeddable":true,"href":"https:\/\/archive.sana.sy\/tr\/index.php?rest_route=%2Fwp%2Fv2%2Fcomments&post=59242"}],"version-history":[{"count":0,"href":"https:\/\/archive.sana.sy\/tr\/index.php?rest_route=\/wp\/v2\/posts\/59242\/revisions"}],"wp:featuredmedia":[{"embeddable":true,"href":"https:\/\/archive.sana.sy\/tr\/index.php?rest_route=\/wp\/v2\/media\/59247"}],"wp:attachment":[{"href":"https:\/\/archive.sana.sy\/tr\/index.php?rest_route=%2Fwp%2Fv2%2Fmedia&parent=59242"}],"wp:term":[{"taxonomy":"category","embeddable":true,"href":"https:\/\/archive.sana.sy\/tr\/index.php?rest_route=%2Fwp%2Fv2%2Fcategories&post=59242"},{"taxonomy":"post_tag","embeddable":true,"href":"https:\/\/archive.sana.sy\/tr\/index.php?rest_route=%2Fwp%2Fv2%2Ftags&post=59242"}],"curies":[{"name":"wp","href":"https:\/\/api.w.org\/{rel}","templated":true}]}}