{"id":59267,"date":"2016-01-27T19:04:11","date_gmt":"2016-01-27T17:04:11","guid":{"rendered":"http:\/\/www.sana.sy\/tr\/?p=59267"},"modified":"2016-01-28T16:37:09","modified_gmt":"2016-01-28T14:37:09","slug":"ne-turkiye-ne-de-baskasini-kesinlikle-davet-etmeyecegiz","status":"publish","type":"post","link":"https:\/\/archive.sana.sy\/tr\/?p=59267","title":{"rendered":"Ne T\u00fcrkiye, Ne De Ba\u015fkas\u0131n\u0131 Kesinlikle Davet Etmeyece\u011fiz"},"content":{"rendered":"<p>CENEVRE \u2013 Birle\u015fmi\u015f Milletler bug\u00fcn; 29 Ocak Cuma g\u00fcn\u00fc Cenevre&#8217;de Suriyeliler aras\u0131nda yap\u0131lacak diyalog g\u00f6r\u00fc\u015fmelerine Suriyeliler haricinde kimsenin davet edilmedi\u011fini belirtti.<\/p>\n<p>BM Suriye \u00f6zel temsilcisi Staffan de Mistura\u2019n\u0131n s\u00f6zc\u00fcs\u00fc; T\u00fcrkiye, Rusya, Fransa ve ABD\u2019den heyetlerin denetleyici s\u0131fat\u0131nda g\u00f6r\u00fc\u015fmelere kat\u0131lacaklar\u0131 konusunda bir soruya cevab\u0131nda; g\u00f6r\u00fc\u015fmelere Suriyelilerin haricinde kesinlikle kimsenin davet edilmeyece\u011fini vurgulad\u0131.<\/p>\n","protected":false},"excerpt":{"rendered":"<p>CENEVRE \u2013 Birle\u015fmi\u015f Milletler bug\u00fcn; 29 Ocak Cuma g\u00fcn\u00fc Cenevre&#8217;de Suriyeliler aras\u0131nda yap\u0131lacak diyalog g\u00f6r\u00fc\u015fmelerine Suriyeliler haricinde kimsenin davet edilmedi\u011fini belirtti. BM Suriye \u00f6zel temsilcisi Staffan de Mistura\u2019n\u0131n s\u00f6zc\u00fcs\u00fc; T\u00fcrkiye, Rusya, Fransa ve ABD\u2019den heyetlerin denetleyici s\u0131fat\u0131nda g\u00f6r\u00fc\u015fmelere kat\u0131lacaklar\u0131 konusunda bir soruya cevab\u0131nda; g\u00f6r\u00fc\u015fmelere Suriyelilerin haricinde kesinlikle kimsenin davet edilmeyece\u011fini vurgulad\u0131.<\/p>\n","protected":false},"author":1,"featured_media":59268,"comment_status":"closed","ping_status":"closed","sticky":false,"template":"","format":"standard","meta":{"footnotes":""},"categories":[17988,2554,2555],"tags":[18840,18839],"class_list":["post-59267","post","type-post","status-publish","format-standard","has-post-thumbnail","","category-son-haberler","category-suriye-ve-dunya","category-suriye-ve-turkiye","tag-ne-de-baskasini-kesinlikle-davet-etmeyecegiz","tag-ne-turkiye"],"_links":{"self":[{"href":"https:\/\/archive.sana.sy\/tr\/index.php?rest_route=\/wp\/v2\/posts\/59267","targetHints":{"allow":["GET"]}}],"collection":[{"href":"https:\/\/archive.sana.sy\/tr\/index.php?rest_route=\/wp\/v2\/posts"}],"about":[{"href":"https:\/\/archive.sana.sy\/tr\/index.php?rest_route=\/wp\/v2\/types\/post"}],"author":[{"embeddable":true,"href":"https:\/\/archive.sana.sy\/tr\/index.php?rest_route=\/wp\/v2\/users\/1"}],"replies":[{"embeddable":true,"href":"https:\/\/archive.sana.sy\/tr\/index.php?rest_route=%2Fwp%2Fv2%2Fcomments&post=59267"}],"version-history":[{"count":0,"href":"https:\/\/archive.sana.sy\/tr\/index.php?rest_route=\/wp\/v2\/posts\/59267\/revisions"}],"wp:featuredmedia":[{"embeddable":true,"href":"https:\/\/archive.sana.sy\/tr\/index.php?rest_route=\/wp\/v2\/media\/59268"}],"wp:attachment":[{"href":"https:\/\/archive.sana.sy\/tr\/index.php?rest_route=%2Fwp%2Fv2%2Fmedia&parent=59267"}],"wp:term":[{"taxonomy":"category","embeddable":true,"href":"https:\/\/archive.sana.sy\/tr\/index.php?rest_route=%2Fwp%2Fv2%2Fcategories&post=59267"},{"taxonomy":"post_tag","embeddable":true,"href":"https:\/\/archive.sana.sy\/tr\/index.php?rest_route=%2Fwp%2Fv2%2Ftags&post=59267"}],"curies":[{"name":"wp","href":"https:\/\/api.w.org\/{rel}","templated":true}]}}