{"id":59285,"date":"2016-01-28T10:28:28","date_gmt":"2016-01-28T08:28:28","guid":{"rendered":"http:\/\/www.sana.sy\/tr\/?p=59285"},"modified":"2016-01-28T11:59:23","modified_gmt":"2016-01-28T09:59:23","slug":"suriyede-gelecegin-en-buyuk-guvencesi-guvenli-ve-istikrarli-gecmisidir","status":"publish","type":"post","link":"https:\/\/archive.sana.sy\/tr\/?p=59285","title":{"rendered":"Suriye\u2019de Gelece\u011fin En B\u00fcy\u00fck G\u00fcvencesi G\u00fcvenli ve \u0130stikrarl\u0131 Ge\u00e7mi\u015fidir"},"content":{"rendered":"<p>KAH\u0130RE \u2013 Antakya ve T\u00fcm Do\u011fu Rum Katolik Melkite Patri\u011fi III. Gregorios Lahham, Suriye\u2019nin Arap b\u00f6lgesi ve d\u00fcnyan\u0131n kalbi oldu\u011funu ifade ederek Cumhurba\u015fkan\u0131 Be\u015f\u015far el Esad\u2019\u0131n Suriye halk\u0131 taraf\u0131ndan se\u00e7ilmi\u015f bir sembol oldu\u011funu belirtti.<\/p>\n<p>Kahire\u2019de d\u00fcn Suriye Konsolosluk Heyeti Merkezini ziyaret eden III. Lahham, Suriye, y\u0131llard\u0131r ya\u015fatt\u0131\u011f\u0131 g\u00fcvenlik ve istikrar\u0131 sayesinde en az H\u0131ristiyan g\u00f6\u00e7\u00fc veren \u00fclkelerden biri oldu\u011funa dikkat \u00e7ekerek bu \u00fclkenin g\u00fcvenli ve istikrarl\u0131 ge\u00e7mi\u015finin gelece\u011fin en b\u00fcy\u00fck g\u00fcvencesini te\u015fkil etti\u011fini belirtti.<\/p>\n<p>Kahire\u2019de Suriye Konsoloslu\u011fu Maslahatg\u00fczar\u0131 Riyan Senih, Suriye toplumunun b\u00fct\u00fcn dinlerden ba\u011f\u0131ms\u0131z bir \u015fekilde ve \u00f6ncesinde vatansever bir toplum oldu\u011funu ifade ederek vatan d\u00fc\u015fmanlar\u0131n\u0131n Suriye\u2019de ba\u015f edemedi\u011fi en b\u00fcy\u00fck g\u00fcc\u00fcn de bu vatanseverlik, karde\u015flik ve ho\u015fg\u00f6r\u00fc k\u00fclt\u00fcr\u00fc oldu\u011funu belirtti.<\/p>\n<p>F.B. &#8211; R.H.<\/p>\n","protected":false},"excerpt":{"rendered":"<p>KAH\u0130RE \u2013 Antakya ve T\u00fcm Do\u011fu Rum Katolik Melkite Patri\u011fi III. Gregorios Lahham, Suriye\u2019nin Arap b\u00f6lgesi ve d\u00fcnyan\u0131n kalbi oldu\u011funu ifade ederek Cumhurba\u015fkan\u0131 Be\u015f\u015far el Esad\u2019\u0131n Suriye halk\u0131 taraf\u0131ndan se\u00e7ilmi\u015f bir sembol oldu\u011funu belirtti. Kahire\u2019de d\u00fcn Suriye Konsolosluk Heyeti Merkezini ziyaret eden III. Lahham, Suriye, y\u0131llard\u0131r ya\u015fatt\u0131\u011f\u0131 g\u00fcvenlik ve istikrar\u0131 sayesinde en az H\u0131ristiyan g\u00f6\u00e7\u00fc &hellip;<\/p>\n","protected":false},"author":1,"featured_media":59286,"comment_status":"closed","ping_status":"closed","sticky":false,"template":"","format":"standard","meta":{"footnotes":""},"categories":[458,459,17988],"tags":[18842],"class_list":["post-59285","post","type-post","status-publish","format-standard","has-post-thumbnail","","category-dunya1","category-haberler-arap-uluslararasi-politika","category-son-haberler","tag-antakya-ve-tum-dogu-rum-katolik-melkite-patrigi-gregorios-iii-lahham"],"_links":{"self":[{"href":"https:\/\/archive.sana.sy\/tr\/index.php?rest_route=\/wp\/v2\/posts\/59285","targetHints":{"allow":["GET"]}}],"collection":[{"href":"https:\/\/archive.sana.sy\/tr\/index.php?rest_route=\/wp\/v2\/posts"}],"about":[{"href":"https:\/\/archive.sana.sy\/tr\/index.php?rest_route=\/wp\/v2\/types\/post"}],"author":[{"embeddable":true,"href":"https:\/\/archive.sana.sy\/tr\/index.php?rest_route=\/wp\/v2\/users\/1"}],"replies":[{"embeddable":true,"href":"https:\/\/archive.sana.sy\/tr\/index.php?rest_route=%2Fwp%2Fv2%2Fcomments&post=59285"}],"version-history":[{"count":0,"href":"https:\/\/archive.sana.sy\/tr\/index.php?rest_route=\/wp\/v2\/posts\/59285\/revisions"}],"wp:featuredmedia":[{"embeddable":true,"href":"https:\/\/archive.sana.sy\/tr\/index.php?rest_route=\/wp\/v2\/media\/59286"}],"wp:attachment":[{"href":"https:\/\/archive.sana.sy\/tr\/index.php?rest_route=%2Fwp%2Fv2%2Fmedia&parent=59285"}],"wp:term":[{"taxonomy":"category","embeddable":true,"href":"https:\/\/archive.sana.sy\/tr\/index.php?rest_route=%2Fwp%2Fv2%2Fcategories&post=59285"},{"taxonomy":"post_tag","embeddable":true,"href":"https:\/\/archive.sana.sy\/tr\/index.php?rest_route=%2Fwp%2Fv2%2Ftags&post=59285"}],"curies":[{"name":"wp","href":"https:\/\/api.w.org\/{rel}","templated":true}]}}