{"id":59305,"date":"2016-01-28T10:10:43","date_gmt":"2016-01-28T08:10:43","guid":{"rendered":"http:\/\/www.sana.sy\/tr\/?p=59305"},"modified":"2016-01-28T12:36:09","modified_gmt":"2016-01-28T10:36:09","slug":"sanaya-aciklama-yapan-askeri-kaynak-erdogan-ve-al-suudi-rejimlerinin-destekledikleri-fetih-ordusuna-yonelik-operasyonlarini-surduren-ordu-birliklerimizin-il-kirsalinin-guney","status":"publish","type":"post","link":"https:\/\/archive.sana.sy\/tr\/?p=59305","title":{"rendered":"SANA\u2019ya a\u00e7\u0131klama yapan askeri kaynak Erdo\u011fan ve Al Suudi rejimlerinin destekledikleri \u2018Fetih Ordusu\u2019na y\u00f6nelik operasyonlar\u0131n\u0131 s\u00fcrd\u00fcren ordu birliklerimizin il k\u0131rsal\u0131n\u0131n g\u00fcneyi Temania Beldesinde Nusra Cephesine tabi a\u011f\u0131r silahlarla donat\u0131lm\u0131\u015f olup havan roketleri ve ter\u00f6rist ta\u015f\u0131yan 4 arac\u0131 tamamen imha etmeleriyle 19 ter\u00f6risti \u00f6ld\u00fcrd\u00fcklerin, 53 ter\u00f6risti de yaralad\u0131klar\u0131n\u0131 belirtti"},"content":{"rendered":"<p>SANA\u2019ya a\u00e7\u0131klama yapan askeri kaynak Erdo\u011fan ve Al Suudi rejimlerinin destekledikleri \u2018Fetih Ordusu\u2019na y\u00f6nelik operasyonlar\u0131n\u0131 s\u00fcrd\u00fcren ordu birliklerimizin il k\u0131rsal\u0131n\u0131n g\u00fcneyi Temania Beldesinde Nusra Cephesine tabi a\u011f\u0131r silahlarla donat\u0131lm\u0131\u015f olup havan roketleri ve ter\u00f6rist ta\u015f\u0131yan 4 arac\u0131 tamamen imha etmeleriyle 19 ter\u00f6risti \u00f6ld\u00fcrd\u00fcklerin, 53 ter\u00f6risti de yaralad\u0131klar\u0131n\u0131 belirtti<\/p>\n","protected":false},"excerpt":{"rendered":"<p>SANA\u2019ya a\u00e7\u0131klama yapan askeri kaynak Erdo\u011fan ve Al Suudi rejimlerinin destekledikleri \u2018Fetih Ordusu\u2019na y\u00f6nelik operasyonlar\u0131n\u0131 s\u00fcrd\u00fcren ordu birliklerimizin il k\u0131rsal\u0131n\u0131n g\u00fcneyi Temania Beldesinde Nusra Cephesine tabi a\u011f\u0131r silahlarla donat\u0131lm\u0131\u015f olup havan roketleri ve ter\u00f6rist ta\u015f\u0131yan 4 arac\u0131 tamamen imha etmeleriyle 19 ter\u00f6risti \u00f6ld\u00fcrd\u00fcklerin, 53 ter\u00f6risti de yaralad\u0131klar\u0131n\u0131 belirtti<\/p>\n","protected":false},"author":1,"featured_media":0,"comment_status":"closed","ping_status":"closed","sticky":false,"template":"","format":"standard","meta":{"footnotes":""},"categories":[17991],"tags":[],"class_list":["post-59305","post","type-post","status-publish","format-standard","","category-son-dakika"],"_links":{"self":[{"href":"https:\/\/archive.sana.sy\/tr\/index.php?rest_route=\/wp\/v2\/posts\/59305","targetHints":{"allow":["GET"]}}],"collection":[{"href":"https:\/\/archive.sana.sy\/tr\/index.php?rest_route=\/wp\/v2\/posts"}],"about":[{"href":"https:\/\/archive.sana.sy\/tr\/index.php?rest_route=\/wp\/v2\/types\/post"}],"author":[{"embeddable":true,"href":"https:\/\/archive.sana.sy\/tr\/index.php?rest_route=\/wp\/v2\/users\/1"}],"replies":[{"embeddable":true,"href":"https:\/\/archive.sana.sy\/tr\/index.php?rest_route=%2Fwp%2Fv2%2Fcomments&post=59305"}],"version-history":[{"count":0,"href":"https:\/\/archive.sana.sy\/tr\/index.php?rest_route=\/wp\/v2\/posts\/59305\/revisions"}],"wp:attachment":[{"href":"https:\/\/archive.sana.sy\/tr\/index.php?rest_route=%2Fwp%2Fv2%2Fmedia&parent=59305"}],"wp:term":[{"taxonomy":"category","embeddable":true,"href":"https:\/\/archive.sana.sy\/tr\/index.php?rest_route=%2Fwp%2Fv2%2Fcategories&post=59305"},{"taxonomy":"post_tag","embeddable":true,"href":"https:\/\/archive.sana.sy\/tr\/index.php?rest_route=%2Fwp%2Fv2%2Ftags&post=59305"}],"curies":[{"name":"wp","href":"https:\/\/api.w.org\/{rel}","templated":true}]}}