{"id":59348,"date":"2016-01-28T13:20:59","date_gmt":"2016-01-28T11:20:59","guid":{"rendered":"http:\/\/www.sana.sy\/tr\/?p=59348"},"modified":"2016-01-29T15:40:01","modified_gmt":"2016-01-29T13:40:01","slug":"erdogan-rejimi-rus-ucaga-bomba-koyan-teroristi-sakliyor","status":"publish","type":"post","link":"https:\/\/archive.sana.sy\/tr\/?p=59348","title":{"rendered":"Erdo\u011fan Rejimi, Rus U\u00e7a\u011fa Bomba Koyan Ter\u00f6risti Sakl\u0131yor"},"content":{"rendered":"<p>MOSKOVA \u2013 Rus medya ara\u00e7lar\u0131; ge\u00e7en Ekim ay\u0131n\u0131n 31\u2019inde M\u0131s\u0131r\u2019\u0131n Sina B\u00f6lgesi semalar\u0131nda d\u00fc\u015fen Rus u\u00e7a\u011fa bomba koyan ter\u00f6ristin T\u00fcrkiye&#8217;de sakland\u0131\u011f\u0131n\u0131 belirtti.<\/p>\n<p>Rus Kogalymavia Havayollar\u0131&#8217;na ait Airbus A-321 tipi yolcu u\u00e7a\u011f\u0131 M\u0131s\u0131r\u2019\u0131n \u015eerem el \u015eeyh Kentinden Rusya&#8217;n\u0131n St. Petersburg kentine gitmek \u00fczere havalanm\u0131\u015ft\u0131. KGL 9268 sefer say\u0131l\u0131 u\u00e7ak, kalk\u0131\u015ftan 23 dakika sonra, 138&#8217;i kad\u0131n, 17&#8217;si 2-17 ya\u015flar\u0131nda \u00e7ocuk olmak \u00fczere yolcu ve m\u00fcrettebat\u0131yla birlikte 224 insanla d\u00fc\u015fen Rus u\u00e7a\u011f\u0131ndan kurtulan olmam\u0131\u015ft\u0131.<\/p>\n<p>Benzer bir meselede Bat\u0131l\u0131 devletler Lockerbie davas\u0131 alt\u0131nda Libya\u2019ya y\u0131llar s\u00fcren bask\u0131 ve yapt\u0131r\u0131mlarda bulunmu\u015flard\u0131. Lockerbie facias\u0131 veya Pan Am&#8217;in 103 sefer say\u0131l\u0131 u\u00e7u\u015fu, 21 Aral\u0131k 1988 \u00c7ar\u015famba g\u00fcn\u00fc, Londra Heathrow Havaliman\u0131&#8217;ndan New York John F. Kennedy Uluslararas\u0131 Havaalan\u0131&#8217;na sefer yapan Pan Am Havayollar\u0131&#8217;na ait Boeing 747-121 tipi u\u00e7a\u011f\u0131n bombalanmas\u0131 olay\u0131d\u0131r. Patlay\u0131c\u0131 bir ayg\u0131t\u0131n infilak etmesiyle u\u00e7akta bulunan 243 yolcu ve 16 m\u00fcrettebat\u0131n t\u00fcm\u00fc ya\u015fam\u0131n\u0131 yitirdi. U\u00e7a\u011f\u0131n b\u00fcy\u00fck par\u00e7alar\u0131 \u0130sko\u00e7ya&#8217;n\u0131n g\u00fcneyindeki Lockerbie kasabas\u0131na d\u00fc\u015f\u00fcnce yerde bulunan 11 ki\u015fi daha hayat\u0131n\u0131 kaybetti.<\/p>\n<p>\u0130sko\u00e7ya polisi ve Amerika Birle\u015fik Devletleri Federal Soru\u015fturma B\u00fcrosu&#8217;nun \u00fc\u00e7 y\u0131l ortakla\u015fa y\u00fcr\u00fctt\u00fc\u011f\u00fc soru\u015fturman\u0131n ard\u0131ndan, Kas\u0131m 1991&#8217;de iki Libya vatanda\u015f\u0131 hakk\u0131nda cinayetten tutuklama emri \u00e7\u0131kar\u0131ld\u0131. Uzun s\u00fcren pazarl\u0131klar ve Birle\u015fmi\u015f Milletler yapt\u0131r\u0131mlar\u0131 sonras\u0131nda Libya lideri Albay Muammer Kaddafi, 1999&#8217;da iki adam\u0131 Camp Zeist, Hollanda&#8217;da yarg\u0131lanmak \u00fczere teslim etti.<\/p>\n","protected":false},"excerpt":{"rendered":"<p>MOSKOVA \u2013 Rus medya ara\u00e7lar\u0131; ge\u00e7en Ekim ay\u0131n\u0131n 31\u2019inde M\u0131s\u0131r\u2019\u0131n Sina B\u00f6lgesi semalar\u0131nda d\u00fc\u015fen Rus u\u00e7a\u011fa bomba koyan ter\u00f6ristin T\u00fcrkiye&#8217;de sakland\u0131\u011f\u0131n\u0131 belirtti. Rus Kogalymavia Havayollar\u0131&#8217;na ait Airbus A-321 tipi yolcu u\u00e7a\u011f\u0131 M\u0131s\u0131r\u2019\u0131n \u015eerem el \u015eeyh Kentinden Rusya&#8217;n\u0131n St. Petersburg kentine gitmek \u00fczere havalanm\u0131\u015ft\u0131. KGL 9268 sefer say\u0131l\u0131 u\u00e7ak, kalk\u0131\u015ftan 23 dakika sonra, 138&#8217;i kad\u0131n, 17&#8217;si &hellip;<\/p>\n","protected":false},"author":1,"featured_media":59355,"comment_status":"closed","ping_status":"closed","sticky":false,"template":"","format":"standard","meta":{"footnotes":""},"categories":[458,459,17988],"tags":[18846,18066,17096,18847,14841,18848],"class_list":["post-59348","post","type-post","status-publish","format-standard","has-post-thumbnail","","category-dunya1","category-haberler-arap-uluslararasi-politika","category-son-haberler","tag-dusen-rus-ucak","tag-erdogan-rejimi","tag-recep-tayip-erdogan","tag-sina-bolgesinde-dusen-rus-ucak","tag-turkiye-rejimi","tag-ucaga-bomba-koyan-terorist"],"_links":{"self":[{"href":"https:\/\/archive.sana.sy\/tr\/index.php?rest_route=\/wp\/v2\/posts\/59348","targetHints":{"allow":["GET"]}}],"collection":[{"href":"https:\/\/archive.sana.sy\/tr\/index.php?rest_route=\/wp\/v2\/posts"}],"about":[{"href":"https:\/\/archive.sana.sy\/tr\/index.php?rest_route=\/wp\/v2\/types\/post"}],"author":[{"embeddable":true,"href":"https:\/\/archive.sana.sy\/tr\/index.php?rest_route=\/wp\/v2\/users\/1"}],"replies":[{"embeddable":true,"href":"https:\/\/archive.sana.sy\/tr\/index.php?rest_route=%2Fwp%2Fv2%2Fcomments&post=59348"}],"version-history":[{"count":0,"href":"https:\/\/archive.sana.sy\/tr\/index.php?rest_route=\/wp\/v2\/posts\/59348\/revisions"}],"wp:featuredmedia":[{"embeddable":true,"href":"https:\/\/archive.sana.sy\/tr\/index.php?rest_route=\/wp\/v2\/media\/59355"}],"wp:attachment":[{"href":"https:\/\/archive.sana.sy\/tr\/index.php?rest_route=%2Fwp%2Fv2%2Fmedia&parent=59348"}],"wp:term":[{"taxonomy":"category","embeddable":true,"href":"https:\/\/archive.sana.sy\/tr\/index.php?rest_route=%2Fwp%2Fv2%2Fcategories&post=59348"},{"taxonomy":"post_tag","embeddable":true,"href":"https:\/\/archive.sana.sy\/tr\/index.php?rest_route=%2Fwp%2Fv2%2Ftags&post=59348"}],"curies":[{"name":"wp","href":"https:\/\/api.w.org\/{rel}","templated":true}]}}