{"id":5938,"date":"2014-07-27T11:31:39","date_gmt":"2014-07-27T08:31:39","guid":{"rendered":"http:\/\/www.sana.sy\/tr\/?p=5938"},"modified":"2014-07-27T12:22:47","modified_gmt":"2014-07-27T09:22:47","slug":"israil-suriyede-yaralanan-yeni-bir-teroristi-burya-hastanesine-tasiyarak-tedavi-ediyor","status":"publish","type":"post","link":"https:\/\/archive.sana.sy\/tr\/?p=5938","title":{"rendered":"\u0130srail Suriye\u2019de Yaralanan Yeni Bir Ter\u00f6risti Burya Hastanesine Ta\u015f\u0131yarak Tedavi Ediyor"},"content":{"rendered":"<p>KUD\u00dcS \u2013 \u0130srail i\u015fgal g\u00fc\u00e7leri d\u00fcn ak\u015fam Suriye\u2019de Suriye Arap ordusunun ter\u00f6r\u00fc kaz\u0131mak i\u00e7in s\u00fcrd\u00fcrd\u00fc\u011f\u00fc operasyonlar\u0131 sonucunda yaralan yeni bir ter\u00f6risti Tabarayya\u2019daki Burya hastanesine ta\u015f\u0131d\u0131.<\/p>\n<p>\u0130srailli Vala sitesi, \u0130srailli g\u00fc\u00e7lerin 30 ya\u015f\u0131ndaki yaral\u0131y\u0131 Burya hastanesine ta\u015f\u0131d\u0131klar\u0131n\u0131 ifade ederek Burya hastanesinin \u015fu ana kadar Suriye\u2019den yaral\u0131 olarak getirilen 94 ter\u00f6risti tedavi etti\u011fine dikkat \u00e7ekti.<\/p>\n<p>Oysa \u0130srail hastanelerine ta\u015f\u0131nan yaral\u0131 ter\u00f6ristlerin say\u0131s\u0131 i\u015fgalci \u0130srail medyas\u0131n\u0131n yans\u0131tt\u0131\u011f\u0131 bu rakamlardan \u00e7ok daha fazla oldu\u011fu biliniyor.<\/p>\n<p>\u00c7\u00fcnk\u00fc \u0130srail medya organlar\u0131 \u00e7ok sert bir askeri denetime maruz kal\u0131yor. \u00d6yle ki i\u015fgal otoriteleri bu organlara rakam\u0131 ve yay\u0131n izin zaman\u0131n\u0131 dayat\u0131yor. Bu politikay\u0131 bug\u00fcn de Gazze kesiminde uyguluyor.<\/p>\n","protected":false},"excerpt":{"rendered":"<p>KUD\u00dcS \u2013 \u0130srail i\u015fgal g\u00fc\u00e7leri d\u00fcn ak\u015fam Suriye\u2019de Suriye Arap ordusunun ter\u00f6r\u00fc kaz\u0131mak i\u00e7in s\u00fcrd\u00fcrd\u00fc\u011f\u00fc operasyonlar\u0131 sonucunda yaralan yeni bir ter\u00f6risti Tabarayya\u2019daki Burya hastanesine ta\u015f\u0131d\u0131. \u0130srailli Vala sitesi, \u0130srailli g\u00fc\u00e7lerin 30 ya\u015f\u0131ndaki yaral\u0131y\u0131 Burya hastanesine ta\u015f\u0131d\u0131klar\u0131n\u0131 ifade ederek Burya hastanesinin \u015fu ana kadar Suriye\u2019den yaral\u0131 olarak getirilen 94 ter\u00f6risti tedavi etti\u011fine dikkat \u00e7ekti. Oysa \u0130srail &hellip;<\/p>\n","protected":false},"author":1,"featured_media":5939,"comment_status":"closed","ping_status":"closed","sticky":false,"template":"","format":"standard","meta":{"footnotes":""},"categories":[458,459,447],"tags":[1309],"class_list":["post-5938","post","type-post","status-publish","format-standard","has-post-thumbnail","","category-dunya1","category-haberler-arap-uluslararasi-politika","category-politika","tag-israil-suriyede-yaralanan-yeni-bir-teroristi-burya-hastanesine-tasiyarak-tedavi-ediyor"],"_links":{"self":[{"href":"https:\/\/archive.sana.sy\/tr\/index.php?rest_route=\/wp\/v2\/posts\/5938","targetHints":{"allow":["GET"]}}],"collection":[{"href":"https:\/\/archive.sana.sy\/tr\/index.php?rest_route=\/wp\/v2\/posts"}],"about":[{"href":"https:\/\/archive.sana.sy\/tr\/index.php?rest_route=\/wp\/v2\/types\/post"}],"author":[{"embeddable":true,"href":"https:\/\/archive.sana.sy\/tr\/index.php?rest_route=\/wp\/v2\/users\/1"}],"replies":[{"embeddable":true,"href":"https:\/\/archive.sana.sy\/tr\/index.php?rest_route=%2Fwp%2Fv2%2Fcomments&post=5938"}],"version-history":[{"count":0,"href":"https:\/\/archive.sana.sy\/tr\/index.php?rest_route=\/wp\/v2\/posts\/5938\/revisions"}],"wp:featuredmedia":[{"embeddable":true,"href":"https:\/\/archive.sana.sy\/tr\/index.php?rest_route=\/wp\/v2\/media\/5939"}],"wp:attachment":[{"href":"https:\/\/archive.sana.sy\/tr\/index.php?rest_route=%2Fwp%2Fv2%2Fmedia&parent=5938"}],"wp:term":[{"taxonomy":"category","embeddable":true,"href":"https:\/\/archive.sana.sy\/tr\/index.php?rest_route=%2Fwp%2Fv2%2Fcategories&post=5938"},{"taxonomy":"post_tag","embeddable":true,"href":"https:\/\/archive.sana.sy\/tr\/index.php?rest_route=%2Fwp%2Fv2%2Ftags&post=5938"}],"curies":[{"name":"wp","href":"https:\/\/api.w.org\/{rel}","templated":true}]}}