{"id":59384,"date":"2016-01-29T23:00:47","date_gmt":"2016-01-29T21:00:47","guid":{"rendered":"http:\/\/www.sana.sy\/tr\/?p=59384"},"modified":"2016-01-30T17:21:48","modified_gmt":"2016-01-30T15:21:48","slug":"terore-karsi-yazilan-destanlar-gelecek-nesillere-miras-olacak-3","status":"publish","type":"post","link":"https:\/\/archive.sana.sy\/tr\/?p=59384","title":{"rendered":"Ter\u00f6re Kar\u015f\u0131 Yaz\u0131lan Destanlar Gelecek Nesillere Miras Olacak"},"content":{"rendered":"<p>\u0130LLER \u2013 Bug\u00fcne kadar vatan\u0131 korumada hi\u00e7bir g\u00fcce boyun e\u011fmeyen kahraman birliklerimiz d\u00fcnyan\u0131n en g\u00fc\u00e7l\u00fc g\u00f6r\u00fcnen devletlerden finans ve silah yard\u0131m\u0131 alan ter\u00f6ristleri emsali g\u00f6r\u00fclmemi\u015f bir hezimete u\u011fratarak d\u00fcnya kamuoyunda vatanseverlik ve onurun timsali olmaya devam ediyor.<\/p>\n<p><span style=\"color: #0000ff\">HOMS:<\/span><\/p>\n<p>SANA muhabirine a\u00e7\u0131klama yapan askeri kaynak; hava g\u00fc\u00e7lerimizin Homs k\u0131rsal\u0131n\u0131n kuzeyi Resten, Um \u015eer\u015fuh, \u0130zzettin, \u011eantu, Telbise, \u011eacar ve Teyrmala b\u00f6lgelerinde Nusra Cephesi ve di\u011fer ter\u00f6r \u00f6rg\u00fctlerin yuvalar\u0131n\u0131 yo\u011fun ate\u015fe tutmalar\u0131yla \u00e7ok say\u0131da ter\u00f6risti \u00f6l\u00fc ve yaral\u0131 d\u00fc\u015f\u00fcr\u00fcp 5 komuta karargah\u0131n\u0131 muhtevalar\u0131yla birlikte tamamen imha ettiklerini ifade etti.<\/p>\n<p>Kaynak; Homs k\u0131rsal\u0131n\u0131n do\u011fusu ve g\u00fcneydo\u011fusunda da ter\u00f6ristlerin mevkilerine y\u00f6nelik ba\u015far\u0131l\u0131 operasyonlar\u0131n\u0131 s\u00fcrd\u00fcren hava g\u00fc\u00e7lerimizin; Tedmur Kentinin \u00e7evresi ve Karyeteyn Kentinin g\u00fcneybat\u0131s\u0131nda tekfircileri say\u0131 ve te\u00e7hizatlar\u0131yla a\u011f\u0131r kay\u0131plara u\u011fratt\u0131klar\u0131n\u0131 s\u00f6zlerine ekledi.<\/p>\n<p><span style=\"color: #0000ff\">HALEP:<\/span><\/p>\n<p>\u00d6te yandan askeri kaynak; Halep k\u0131rsal\u0131nda katil Erdo\u011fan rejiminin destekledi\u011fi I\u015e\u0130D ter\u00f6r \u00f6rg\u00fct\u00fcne ait siper ve mevkileri hedef alan hava g\u00fc\u00e7lerimizin; el Bab Kentine tabi Cub \u011eab\u015fe, Cub el Kalp ve Um Damne k\u00f6ylerinde en az 45 ter\u00f6risti \u00f6ld\u00fcr\u00fcp a\u011f\u0131r makineli silahlarla donat\u0131lm\u0131\u015f 2 arac\u0131 da imha ettiklerini aktard\u0131.<\/p>\n<p>Halep Kenti \u015eeyh Sait, Salehin ve Beni Zeyd semtlerinde de ordu birliklerimizin ter\u00f6ristlerin 3 karargah\u0131n\u0131 tamam\u0131yla tahrip ettiklerini belirten kaynak; bir\u00e7ok ter\u00f6risti \u00f6l\u00fc ve yaral\u0131 d\u00fc\u015f\u00fcrd\u00fcklerine dikkat \u00e7ekti.<\/p>\n<p><span style=\"color: #0000ff\">\u0130DL\u0130B:<\/span><\/p>\n<p>Bu arada saha kaynaklar\u0131 SANA muhabirine a\u00e7\u0131klamalar\u0131nda; hava g\u00fc\u00e7lerimizin \u0130dlib k\u0131rsal\u0131n\u0131n g\u00fcneyi Ariyha B\u00f6lgesine d\u00fc\u015fen Nahlayya K\u00f6y\u00fcnde Vahhabi \u00c2l Suud ve ihvanc\u0131 Erdo\u011fan rejimlerine ba\u011fl\u0131 \u2018Fetih Ordusu\u2019na tabi 3 komuta karargah\u0131n\u0131 muhtevalar\u0131yla birlikte yok ettiklerini beyan etti.<\/p>\n<p>\u0130dlib k\u0131rsal\u0131n\u0131n g\u00fcneyi Temania Beldesinde de ter\u00f6ristlerin yuva ve k\u00fcmelenme yerlerinin de imha edildi\u011fini aktaran kaynak; \u00e7ok say\u0131da ter\u00f6risti \u00f6l\u00fc ve yaral\u0131 d\u00fc\u015f\u00fcr\u00fcp havzalar\u0131nda bulunan silah ve m\u00fchimmatlar\u0131n\u0131 da yok edildi\u011fini s\u00f6yledi.<\/p>\n<p><span style=\"color: #0000ff\">HAMA:<\/span><\/p>\n<p>Di\u011fer yandan hava g\u00fc\u00e7lerimiz Hama k\u0131rsal\u0131 Latamina Beldesinde Nusra Cephesi ve \u00e7at\u0131s\u0131 alt\u0131ndaki ter\u00f6r \u00f6rg\u00fctlerin karargahlar\u0131 ve hareket eksenlerine kar\u015f\u0131 hava operasyonu ger\u00e7ekle\u015ftirirken ter\u00f6rist ve cephane ta\u015f\u0131yan a\u011f\u0131r makineli silahlarla donat\u0131lm\u0131\u015f ara\u00e7lar\u0131n\u0131 imha etmelerine e\u015f zamanl\u0131 olarak Morik Kentinde silah ve cephane ihtiva eden 2 karargah\u0131n\u0131 yok etti.<\/p>\n<p>Hama k\u0131rsal\u0131n\u0131n kuzey ve kuzeybat\u0131s\u0131nda da Maarkebbe, Lahaya, At\u015fan ve Kefar Nebbude b\u00f6lgelerinde ter\u00f6r \u00f6rg\u00fctlerin toplanma merkezleri ve hareket eksenlerini yo\u011fun ate\u015fe tutan hava g\u00fc\u00e7lerimiz; radikal ter\u00f6ristlerin saflar\u0131nda bir\u00e7ok ter\u00f6risti \u00f6l\u00fc ve yaral\u0131 d\u00fc\u015f\u00fcr\u00fcrken bir k\u0131sm\u0131 a\u011f\u0131r makineli silahlarla donat\u0131lm\u0131\u015f ara\u00e7lar\u0131n\u0131 tahrip etti.<\/p>\n<p><span style=\"color: #0000ff\">DEYREZZOR:<\/span><\/p>\n<p>Hava g\u00fc\u00e7lerimiz Deyrezzor k\u0131rsal\u0131 B\u011fayliye ve el Caniyne b\u00f6lgelerinde I\u015e\u0130D\u2019in toplanma yerleri ve siperlerini hedef almalar\u0131yla buralarda da \u00e7ok say\u0131da ter\u00f6risti \u00f6l\u00fc ve yaral\u0131 d\u00fc\u015f\u00fcrerek muhtelif t\u00fcr silahlarla donat\u0131lm\u0131\u015f ara\u00e7lar\u0131n\u0131 imha etti.<\/p>\n<p><span style=\"color: #0000ff\">DERA:<\/span><\/p>\n<p>Dera Beled\u2019in Bacabice Mahallesinde \u0130srail\u2019den destek alan radikal ter\u00f6ristlerin yuvalar\u0131n\u0131 imha eden ordu birliklerimiz; Men\u015fiye Semti ve Nazihin yerle\u015fim kamp\u0131 civar\u0131nda toplanma merkezlerini hedef almalar\u0131 sonucunda \u00e7ok say\u0131da ter\u00f6risti \u00f6l\u00fc ve yaral\u0131 d\u00fc\u015f\u00fcrd\u00fc.<\/p>\n<p>Dera Kentinin yakla\u015f\u0131k 5 km kuzeybat\u0131s\u0131na d\u00fc\u015fen Yaduda Beldesinde ise ordu birliklerimiz ter\u00f6ristlere kar\u015f\u0131 operasyonlar\u0131nda bir\u00e7ok ter\u00f6risti \u00f6ld\u00fcr\u00fcp silah ve m\u00fchimmatlar\u0131n\u0131n yan\u0131 s\u0131ra bir k\u0131sm\u0131 a\u011f\u0131r makineli silahlarla donat\u0131lm\u0131\u015f ara\u00e7lar\u0131n\u0131 yok etti.<\/p>\n<p><span style=\"color: #0000ff\">KUNAYTRA:<\/span><\/p>\n<p>Saha kaynaklar\u0131 SANA\u2019ya a\u00e7\u0131klamalar\u0131nda; ordu birliklerimizin Halk Savunma G\u00fc\u00e7leriyle i\u015fbirli\u011fi i\u00e7inde Kunaytra k\u0131rsal\u0131n\u0131n do\u011fusu Tel el K\u00fcrum ve Tel el Bzak b\u00f6lgelerindeki askeri noktalara Nusra Cephesinden \u00e7etelerin s\u0131zma giri\u015fimlerini \u00e7\u00f6kerttiklerini belirtti. Kaynaklar; operasyonlarda Nusra Cephesinin saflar\u0131nda bir\u00e7ok ter\u00f6ristin \u00f6l\u00fc ve yaral\u0131 d\u00fc\u015f\u00fcr\u00fcl\u00fcp ara\u00e7, silah ve m\u00fchimmatlar\u0131n\u0131n imha edildi\u011fine dikkat \u00e7ekti.<\/p>\n<p>Kaynak; Kunaytra k\u0131rsal\u0131 Mashara, Um Batina ve Nabie el Sahr k\u00f6ylerinde de Nusra Cephesine ait siper ve karargahlar\u0131 yok eden ordu birliklerimizin; karargahlarda aralar\u0131nda ter\u00f6r komutanlar\u0131 bulunan bir\u00e7ok ter\u00f6risti \u00f6ld\u00fcrd\u00fcklerini aktard\u0131.<\/p>\n<p><span style=\"color: #0000ff\">LAZK\u0130YE:<\/span><\/p>\n<p>Askeri kaynak; ordu birliklerimizin Halk Savunma G\u00fc\u00e7leriyle i\u015fbirli\u011fi i\u00e7inde Lazkiye k\u0131rsal\u0131n\u0131n kuzeyi Mziyen, R\u00fcvayset Kerm el Burc ve Cebel el R\u00fcs b\u00f6lgelerini T\u00fcrkiye&#8217;de Erdo\u011fan rejimi ve daha ba\u015fka taraflar\u0131n destekledikleri tekfirci ve hain ter\u00f6ristlerden temizleyerek kontrollerine ge\u00e7irdiklerini ifade etti.<\/p>\n<p>Kaynak; ordu birliklerimize tabi bomba imha ekiplerinin arama tarama operasyonlar\u0131nda \u00f6zel ve kamu m\u00fclklere yerle\u015ftirilen may\u0131n ve bomba d\u00fczeneklerini etkisizle\u015ftirdiklerini aktard\u0131.<\/p>\n<p>Ak\u015fam saatlerinde a\u00e7\u0131klama yapan bir kaynak; ordu birliklerimizin Halk Savunma G\u00fc\u00e7leriyle i\u015fbirli\u011fi i\u00e7inde Lazkiye k\u0131rsal\u0131n\u0131n kuzeyi Kalayei, Karora, Kastal, Ba\u015fura ve Beyt Duddu k\u00f6ylerinin yan\u0131 s\u0131ra Bradun, Bardun, Kale ve H\u0131z\u0131r da\u011flar\u0131nda ter\u00f6ristlerin son mevkilerini imha etmeleri ard\u0131ndan kontrollerine ald\u0131klar\u0131n\u0131 belirtti.<\/p>\n<p>M.M.<\/p>\n<div class=\"ci\"><\/div>\n","protected":false},"excerpt":{"rendered":"<p>\u0130LLER \u2013 Bug\u00fcne kadar vatan\u0131 korumada hi\u00e7bir g\u00fcce boyun e\u011fmeyen kahraman birliklerimiz d\u00fcnyan\u0131n en g\u00fc\u00e7l\u00fc g\u00f6r\u00fcnen devletlerden finans ve silah yard\u0131m\u0131 alan ter\u00f6ristleri emsali g\u00f6r\u00fclmemi\u015f bir hezimete u\u011fratarak d\u00fcnya kamuoyunda vatanseverlik ve onurun timsali olmaya devam ediyor. HOMS: SANA muhabirine a\u00e7\u0131klama yapan askeri kaynak; hava g\u00fc\u00e7lerimizin Homs k\u0131rsal\u0131n\u0131n kuzeyi Resten, Um \u015eer\u015fuh, \u0130zzettin, \u011eantu, Telbise, &hellip;<\/p>\n","protected":false},"author":1,"featured_media":59387,"comment_status":"closed","ping_status":"closed","sticky":false,"template":"","format":"standard","meta":{"footnotes":""},"categories":[575],"tags":[801],"class_list":["post-59384","post","type-post","status-publish","format-standard","has-post-thumbnail","","category-olaylar-ve-gercekler","tag-terore-karsi-yazilan-destanlar-gelecek-nesillere-miras-olacak"],"_links":{"self":[{"href":"https:\/\/archive.sana.sy\/tr\/index.php?rest_route=\/wp\/v2\/posts\/59384","targetHints":{"allow":["GET"]}}],"collection":[{"href":"https:\/\/archive.sana.sy\/tr\/index.php?rest_route=\/wp\/v2\/posts"}],"about":[{"href":"https:\/\/archive.sana.sy\/tr\/index.php?rest_route=\/wp\/v2\/types\/post"}],"author":[{"embeddable":true,"href":"https:\/\/archive.sana.sy\/tr\/index.php?rest_route=\/wp\/v2\/users\/1"}],"replies":[{"embeddable":true,"href":"https:\/\/archive.sana.sy\/tr\/index.php?rest_route=%2Fwp%2Fv2%2Fcomments&post=59384"}],"version-history":[{"count":0,"href":"https:\/\/archive.sana.sy\/tr\/index.php?rest_route=\/wp\/v2\/posts\/59384\/revisions"}],"wp:featuredmedia":[{"embeddable":true,"href":"https:\/\/archive.sana.sy\/tr\/index.php?rest_route=\/wp\/v2\/media\/59387"}],"wp:attachment":[{"href":"https:\/\/archive.sana.sy\/tr\/index.php?rest_route=%2Fwp%2Fv2%2Fmedia&parent=59384"}],"wp:term":[{"taxonomy":"category","embeddable":true,"href":"https:\/\/archive.sana.sy\/tr\/index.php?rest_route=%2Fwp%2Fv2%2Fcategories&post=59384"},{"taxonomy":"post_tag","embeddable":true,"href":"https:\/\/archive.sana.sy\/tr\/index.php?rest_route=%2Fwp%2Fv2%2Ftags&post=59384"}],"curies":[{"name":"wp","href":"https:\/\/api.w.org\/{rel}","templated":true}]}}