{"id":5941,"date":"2014-07-28T01:05:29","date_gmt":"2014-07-27T22:05:29","guid":{"rendered":"http:\/\/www.sana.sy\/tr\/?p=5941"},"modified":"2014-07-28T13:11:13","modified_gmt":"2014-07-28T10:11:13","slug":"kiralik-terorist-artiklarina-yonelik-askeri-operasyonlar-basarilarla-suruyor","status":"publish","type":"post","link":"https:\/\/archive.sana.sy\/tr\/?p=5941","title":{"rendered":"Kiral\u0131k Ter\u00f6rist Art\u0131klar\u0131na Y\u00f6nelik Askeri Operasyonlar Ba\u015far\u0131larla S\u00fcr\u00fcyor"},"content":{"rendered":"<p>\u0130LLER \u2013 kahraman ordu birliklerimizin silahl\u0131 ter\u00f6r gruplar\u0131 ve kiral\u0131k ter\u00f6rist art\u0131klar\u0131na y\u00f6nelik operasyonlar\u0131n\u0131 kararl\u0131l\u0131kla s\u00fcrd\u00fcr\u00fcrken ter\u00f6ristler b\u00fcy\u00fck kay\u0131plar vermeye devam ediyor.<\/p>\n<p><span style=\"color: #0000ff\">\u015eam K\u0131rsal\u0131nda A\u011f\u0131r Silahlar\u0131yla Etkisiz Hale Getirildiler<\/span><\/p>\n<p>SANA\u2019n\u0131n saha muhabiri ordu birliklerimizin \u015eam\u2019\u0131n Cobar B\u00f6lgesinde bir\u00e7ok eksene ilaveten Duma b\u00f6lgesinin el Aliye ve \u015eiyfoniye tar\u0131m arazilerinde ter\u00f6ristlerin k\u00fcmelenme yerlerini ve cephaneliklerini hedef alarak a\u011f\u0131r silahlarla birlikte aralar\u0131nda tehlikeli \u015fah\u0131slar\u0131n bulundu\u011fu \u00e7ok say\u0131da ter\u00f6risti etkisiz hale getirdi\u011fini belirtti.<\/p>\n<p>Mleyha Cephesinin Tamiko \u0130la\u00e7 Fabrikas\u0131 y\u00f6n\u00fcnden ter\u00f6r gruplar\u0131yla \u00e7at\u0131\u015fmaya giren ordu birlikleriz aralar\u0131nda az\u0131l\u0131 katillerin bulundu\u011fu \u00e7ok say\u0131da ter\u00f6risti a\u011f\u0131r silahlar\u0131 ve ara\u00e7lar\u0131yla birlikte etkisiz hale getirdi\u011fi bir zamanda Do\u011fu \u011euta\u2019n\u0131n derinliklerine d\u00fc\u015fen Ne\u015f\u015fabiye Beldesi civar\u0131ndaki tar\u0131m arazilerinde operasyonlar\u0131n\u0131 s\u00fcrd\u00fcrerek bir\u00e7ok ter\u00f6risti \u00f6l\u00fc yaral\u0131 d\u00fc\u015f\u00fcrd\u00fc.<\/p>\n<p>Ordu birliklerimiz Zebadani ve Han el \u015eih b\u00f6lgelerinde operasyonlar\u0131n\u0131 ba\u015far\u0131yla s\u00fcrd\u00fcr\u00fcrken \u00e7ok say\u0131da ter\u00f6risti a\u011f\u0131r silahlar\u0131 ve cephanelikleriyle etkisiz hale getirdi.<\/p>\n<p>Kalemun B\u00f6lgesinde L\u00fcbnan s\u0131n\u0131rlar\u0131na yak\u0131n Mu\u015frife ve Ras el Muarra beldeleri yak\u0131nlar\u0131nda ter\u00f6ristleri kovalama operasyonlar\u0131n\u0131 s\u00fcrd\u00fcren ordu birliklerimiz ter\u00f6ristlerin Suriye topraklar\u0131na girmede kulland\u0131klar\u0131 gayr\u0131 me\u015fru bir\u00e7ok ge\u00e7idi kapatt\u0131.<\/p>\n<p><span style=\"color: #0000ff\">Halep ve K\u0131rsal\u0131nda \u00c7ok Say\u0131da Ter\u00f6rist \u00d6ld\u00fcr\u00fcld\u00fc<\/span><\/p>\n<p>Ordu ve silahl\u0131 kuvvetlerimize tabi ordu birlikleri Halep ve k\u0131rsal\u0131nda ter\u00f6ristlerin toplanma merkezlerini hedef almas\u0131yla \u00e7ok say\u0131da ter\u00f6risti \u00f6l\u00fc ve yaral\u0131 d\u00fc\u015f\u00fcrd\u00fc.<\/p>\n<p>Askeri kaynak SANA\u2019ya a\u00e7\u0131klamas\u0131nda, ordu birliklerimizin Handarat, Resm el Abbud, \u015eeyh Lutfi, Han el Asel, Tel Hattab, \u015eeyh Said, Zirbe, Bavvabiyye, Baben\u015f, Dilenciler Mahallesi, Hureytan ve Ramuse\u2019de \u00e7ok say\u0131da ter\u00f6risti \u00f6ld\u00fcrd\u00fcklerini baz\u0131lar\u0131 a\u011f\u0131r taramal\u0131 silahlarla donat\u0131lm\u0131\u015f ara\u00e7lar\u0131n\u0131 da i\u00e7indekilerle birlikte etkisiz hale getirdi\u011fini s\u00f6yledi.<\/p>\n<p><span style=\"color: #0000ff\">\u0130dlib K\u0131rsal\u0131nda ter\u00f6ristlerin Saflar\u0131nda \u00c7ok Say\u0131da \u00d6l\u00fc ve Yaral\u0131<\/span><\/p>\n<p>Askeri Kaynak SANA\u2019ya a\u00e7\u0131klamas\u0131nda, ordu birliklerimizin \u0130dlib k\u0131rsal\u0131 Cebel el Erbain Da\u011f\u0131 \u00e7evresi, Syriatel kuleleri, Kensafra, Kaminaz ve Merkez Cezaevi \u00e7evresinde ter\u00f6ristlerin k\u00fcmelenme yerlerini hedef almas\u0131 sonucunda \u00e7ok say\u0131da ter\u00f6ristin \u00f6l\u00fc ve yaral\u0131 d\u00fc\u015f\u00fcr\u00fcld\u00fc\u011f\u00fcn\u00fc belirtti.<\/p>\n<p>\u00d6te yandan ordu birliklerimiz \u0130dlib k\u0131rsal\u0131n\u0131n Nahla Beldesi yak\u0131nlar\u0131nda ter\u00f6ristleri say\u0131 ve te\u00e7hizatlar\u0131yla a\u011f\u0131r kay\u0131plara u\u011frat\u0131rken; bomba imha ekipleri, ter\u00f6ristlerin bedelde vatanda\u015flar\u0131 hedef almak i\u00e7in yerle\u015ftirdikleri ve ortalama a\u011f\u0131rl\u0131klar\u0131 25 ila 30 kg aras\u0131nda de\u011fi\u015fen 6 bomba d\u00fczene\u011fini etkisiz hale getirdi.<\/p>\n<p><span style=\"color: #0000ff\">Haseke K\u0131rsal\u0131nda S\u0131zma Giri\u015fimleri \u00c7\u00f6kertildi<\/span><\/p>\n<p>Kahraman ordu birliklerimiz Haseke iline tabi Kam\u0131\u015fl\u0131 k\u0131rsal\u0131n\u0131n g\u00fcneyine d\u00fc\u015fen Hurbat Caddu K\u00f6y\u00fcne s\u0131zmaya \u00e7al\u0131\u015fan \u2018\u015eam ve Irak Devletinin\u2019 olarak bilinen olu\u015fumdan ter\u00f6ristlere kar\u015f\u0131 koyup t\u00fcm\u00fcn\u00fc \u00f6l\u00fc yaral\u0131 d\u00fc\u015f\u00fcrd\u00fc.<\/p>\n<p>\u00d6te yandan Haseke Valili\u011finden bir kaynak; kahraman ordu birliklerimizin Kam\u0131\u015fl\u0131\u2019n\u0131n do\u011fu k\u0131rsal\u0131nda Ebu el Kasay\u0131b, el Harra ve \u015earmuh k\u00f6ylerinde ter\u00f6ristlerin yuvalanma yerlerini hedef alarak saflar\u0131nda direk isabetlere yol a\u00e7t\u0131\u011f\u0131n\u0131 aktard\u0131.<\/p>\n<p>Bu arada ordu birliklerimiz Haseke\u2019nin g\u00fcney k\u0131rsal\u0131nda ter\u00f6ristlere ait ara\u00e7lar\u0131 hedef alarak saflar\u0131nda direk isabetler ger\u00e7ekle\u015ftirdi.<\/p>\n<p><span style=\"color: #0000ff\">Dera K\u0131rsal\u0131nda \u00c7ok Say\u0131da Ter\u00f6rist \u00d6ld\u00fcr\u00fcld\u00fc<\/span><\/p>\n<p>Askeri kaynak birliklerimizin, dera k\u0131rsal\u0131 Anhel Beldesi ve Saile Su Deposunun g\u00fcneyinde ter\u00f6ristlerin kulland\u0131klar\u0131 \u00e7ok say\u0131da arac\u0131 imha ettiklerini \u00e7ok say\u0131da ter\u00f6ristin de \u00f6l\u00fc ve yaral\u0131 d\u00fc\u015ft\u00fc\u011f\u00fcn\u00fc s\u00f6yledi.<\/p>\n<p>Kaynak, Dera k\u0131rsal\u0131 Um el Meyadin K\u00f6y\u00fc ve Kayta kav\u015fa\u011f\u0131nda ter\u00f6ristlerin toplanma merkezlerini hedef ald\u0131\u011f\u0131n\u0131 \u00e7ok say\u0131da ter\u00f6risti de \u00f6l\u00fc ve yaral\u0131 d\u00fc\u015f\u00fcrd\u00fc\u011f\u00fcn\u00fc ifade etti.<\/p>\n<p><span style=\"color: #0000ff\">Homs K\u0131rsal\u0131nda Ter\u00f6r H\u00fccreleri Hedef Al\u0131nd\u0131<\/span><\/p>\n<p>Kaynak, askeri birliklerimizin Homs Kule k\u0131rsal\u0131 Kefar Laha, Kusayr Do\u011fu k\u0131rsal\u0131 Vadi el Kehf, ve Homs k\u0131rsal\u0131 Kunaytrat\u2019ta ter\u00f6ristlerin k\u00fcmelenme yerlerini hedef ald\u0131klar\u0131n\u0131 \u00e7ok say\u0131da ter\u00f6risti de \u00f6l\u00fc ve yaral\u0131 d\u00fc\u015f\u00fcrd\u00fcklerini belirtti.<\/p>\n","protected":false},"excerpt":{"rendered":"<p>\u0130LLER \u2013 kahraman ordu birliklerimizin silahl\u0131 ter\u00f6r gruplar\u0131 ve kiral\u0131k ter\u00f6rist art\u0131klar\u0131na y\u00f6nelik operasyonlar\u0131n\u0131 kararl\u0131l\u0131kla s\u00fcrd\u00fcr\u00fcrken ter\u00f6ristler b\u00fcy\u00fck kay\u0131plar vermeye devam ediyor. \u015eam K\u0131rsal\u0131nda A\u011f\u0131r Silahlar\u0131yla Etkisiz Hale Getirildiler SANA\u2019n\u0131n saha muhabiri ordu birliklerimizin \u015eam\u2019\u0131n Cobar B\u00f6lgesinde bir\u00e7ok eksene ilaveten Duma b\u00f6lgesinin el Aliye ve \u015eiyfoniye tar\u0131m arazilerinde ter\u00f6ristlerin k\u00fcmelenme yerlerini ve cephaneliklerini hedef alarak &hellip;<\/p>\n","protected":false},"author":1,"featured_media":5942,"comment_status":"closed","ping_status":"closed","sticky":false,"template":"","format":"standard","meta":{"footnotes":""},"categories":[575],"tags":[1310],"class_list":["post-5941","post","type-post","status-publish","format-standard","has-post-thumbnail","","category-olaylar-ve-gercekler","tag-kiralik-terorist-artiklarina-yonelik-askeri-operasyonlar-basarilarla-suruyor"],"_links":{"self":[{"href":"https:\/\/archive.sana.sy\/tr\/index.php?rest_route=\/wp\/v2\/posts\/5941","targetHints":{"allow":["GET"]}}],"collection":[{"href":"https:\/\/archive.sana.sy\/tr\/index.php?rest_route=\/wp\/v2\/posts"}],"about":[{"href":"https:\/\/archive.sana.sy\/tr\/index.php?rest_route=\/wp\/v2\/types\/post"}],"author":[{"embeddable":true,"href":"https:\/\/archive.sana.sy\/tr\/index.php?rest_route=\/wp\/v2\/users\/1"}],"replies":[{"embeddable":true,"href":"https:\/\/archive.sana.sy\/tr\/index.php?rest_route=%2Fwp%2Fv2%2Fcomments&post=5941"}],"version-history":[{"count":0,"href":"https:\/\/archive.sana.sy\/tr\/index.php?rest_route=\/wp\/v2\/posts\/5941\/revisions"}],"wp:featuredmedia":[{"embeddable":true,"href":"https:\/\/archive.sana.sy\/tr\/index.php?rest_route=\/wp\/v2\/media\/5942"}],"wp:attachment":[{"href":"https:\/\/archive.sana.sy\/tr\/index.php?rest_route=%2Fwp%2Fv2%2Fmedia&parent=5941"}],"wp:term":[{"taxonomy":"category","embeddable":true,"href":"https:\/\/archive.sana.sy\/tr\/index.php?rest_route=%2Fwp%2Fv2%2Fcategories&post=5941"},{"taxonomy":"post_tag","embeddable":true,"href":"https:\/\/archive.sana.sy\/tr\/index.php?rest_route=%2Fwp%2Fv2%2Ftags&post=5941"}],"curies":[{"name":"wp","href":"https:\/\/api.w.org\/{rel}","templated":true}]}}