{"id":59418,"date":"2016-01-29T18:05:02","date_gmt":"2016-01-29T16:05:02","guid":{"rendered":"http:\/\/www.sana.sy\/tr\/?p=59418"},"modified":"2016-01-29T20:06:42","modified_gmt":"2016-01-29T18:06:42","slug":"teror-listesinin-belirlenmesinde-uzlasmayi-temenni-ediyoruz","status":"publish","type":"post","link":"https:\/\/archive.sana.sy\/tr\/?p=59418","title":{"rendered":"Ter\u00f6r Listesinin Belirlenmesinde Uzla\u015fmay\u0131 Temenni Ediyoruz"},"content":{"rendered":"<p>MOSKOVA \u2013 Rusya&#8217;n\u0131n BM\u2019deki Daimi Temsilcisi Vitaly Churkin; Suriye&#8217;de destek grubu \u00fclkelerinin \u00f6n\u00fcm\u00fczdeki s\u00fcre\u00e7 i\u00e7inde Viyana\u2019da d\u00fczenleyecekleri g\u00f6r\u00fc\u015fmelerde, Moskova&#8217;n\u0131n ter\u00f6r \u00f6rg\u00fctlere ili\u015fkin listenin haz\u0131rlanmas\u0131nda uzla\u015fma sa\u011flanmas\u0131 temennisinde oldu\u011funu belirtti.<\/p>\n<p>Churkin RT\u2019nin bug\u00fcn aktard\u0131\u011f\u0131 a\u00e7\u0131klamalar\u0131nda Rusya&#8217;n\u0131n, Moskova ve Kahire toplant\u0131lar\u0131ndan t\u00fcreyen Suriyeli muhalefet olu\u015fumlar\u0131n Cenevre III g\u00f6r\u00fc\u015fmelerine kat\u0131lma \u0131srarlar\u0131n\u0131 destekledi\u011fini ifade etti.<\/p>\n","protected":false},"excerpt":{"rendered":"<p>MOSKOVA \u2013 Rusya&#8217;n\u0131n BM\u2019deki Daimi Temsilcisi Vitaly Churkin; Suriye&#8217;de destek grubu \u00fclkelerinin \u00f6n\u00fcm\u00fczdeki s\u00fcre\u00e7 i\u00e7inde Viyana\u2019da d\u00fczenleyecekleri g\u00f6r\u00fc\u015fmelerde, Moskova&#8217;n\u0131n ter\u00f6r \u00f6rg\u00fctlere ili\u015fkin listenin haz\u0131rlanmas\u0131nda uzla\u015fma sa\u011flanmas\u0131 temennisinde oldu\u011funu belirtti. Churkin RT\u2019nin bug\u00fcn aktard\u0131\u011f\u0131 a\u00e7\u0131klamalar\u0131nda Rusya&#8217;n\u0131n, Moskova ve Kahire toplant\u0131lar\u0131ndan t\u00fcreyen Suriyeli muhalefet olu\u015fumlar\u0131n Cenevre III g\u00f6r\u00fc\u015fmelerine kat\u0131lma \u0131srarlar\u0131n\u0131 destekledi\u011fini ifade etti.<\/p>\n","protected":false},"author":1,"featured_media":55669,"comment_status":"closed","ping_status":"closed","sticky":false,"template":"","format":"standard","meta":{"footnotes":""},"categories":[458,459,17988],"tags":[18864],"class_list":["post-59418","post","type-post","status-publish","format-standard","has-post-thumbnail","","category-dunya1","category-haberler-arap-uluslararasi-politika","category-son-haberler","tag-teror-listesinin-belirlenmesinde-uzlasmayi-temenni-ediyoruz"],"_links":{"self":[{"href":"https:\/\/archive.sana.sy\/tr\/index.php?rest_route=\/wp\/v2\/posts\/59418","targetHints":{"allow":["GET"]}}],"collection":[{"href":"https:\/\/archive.sana.sy\/tr\/index.php?rest_route=\/wp\/v2\/posts"}],"about":[{"href":"https:\/\/archive.sana.sy\/tr\/index.php?rest_route=\/wp\/v2\/types\/post"}],"author":[{"embeddable":true,"href":"https:\/\/archive.sana.sy\/tr\/index.php?rest_route=\/wp\/v2\/users\/1"}],"replies":[{"embeddable":true,"href":"https:\/\/archive.sana.sy\/tr\/index.php?rest_route=%2Fwp%2Fv2%2Fcomments&post=59418"}],"version-history":[{"count":0,"href":"https:\/\/archive.sana.sy\/tr\/index.php?rest_route=\/wp\/v2\/posts\/59418\/revisions"}],"wp:featuredmedia":[{"embeddable":true,"href":"https:\/\/archive.sana.sy\/tr\/index.php?rest_route=\/wp\/v2\/media\/55669"}],"wp:attachment":[{"href":"https:\/\/archive.sana.sy\/tr\/index.php?rest_route=%2Fwp%2Fv2%2Fmedia&parent=59418"}],"wp:term":[{"taxonomy":"category","embeddable":true,"href":"https:\/\/archive.sana.sy\/tr\/index.php?rest_route=%2Fwp%2Fv2%2Fcategories&post=59418"},{"taxonomy":"post_tag","embeddable":true,"href":"https:\/\/archive.sana.sy\/tr\/index.php?rest_route=%2Fwp%2Fv2%2Ftags&post=59418"}],"curies":[{"name":"wp","href":"https:\/\/api.w.org\/{rel}","templated":true}]}}