{"id":59420,"date":"2016-01-29T20:35:34","date_gmt":"2016-01-29T18:35:34","guid":{"rendered":"http:\/\/www.sana.sy\/tr\/?p=59420"},"modified":"2016-01-29T20:35:34","modified_gmt":"2016-01-29T18:35:34","slug":"cenevre-iii-gorusmelerinde-suriye-arap-cumhuriyeti-heyetiyle-bir-araya-gelen-bm-suriye-temsilcisi-staffan-de-mistura-suriyedeki-krizin-cozumunde-suriyelilerin-yonetecegi-bir-surece-ihtiyac-duyuldug","status":"publish","type":"post","link":"https:\/\/archive.sana.sy\/tr\/?p=59420","title":{"rendered":"Cenevre III g\u00f6r\u00fc\u015fmelerinde Suriye Arap Cumhuriyeti heyetiyle bir araya gelen BM Suriye temsilcisi Staffan de Mistura; Suriye&#8217;deki krizin \u00e7\u00f6z\u00fcm\u00fcnde Suriyelilerin y\u00f6netece\u011fi bir s\u00fcrece ihtiya\u00e7 duyuldu\u011funu belirtirken, bir k\u0131s\u0131m muhaliflere g\u00f6nderilen davete cevap bekledi\u011fini ifade etti\u200f"},"content":{"rendered":"<p>Cenevre III g\u00f6r\u00fc\u015fmelerinde Suriye Arap Cumhuriyeti heyetiyle bir araya gelen BM Suriye temsilcisi Staffan de Mistura; Suriye&#8217;deki krizin \u00e7\u00f6z\u00fcm\u00fcnde Suriyelilerin y\u00f6netece\u011fi bir s\u00fcrece ihtiya\u00e7 duyuldu\u011funu belirtirken, bir k\u0131s\u0131m muhaliflere g\u00f6nderilen davete cevap bekledi\u011fini ifade etti\u200f<\/p>\n","protected":false},"excerpt":{"rendered":"<p>Cenevre III g\u00f6r\u00fc\u015fmelerinde Suriye Arap Cumhuriyeti heyetiyle bir araya gelen BM Suriye temsilcisi Staffan de Mistura; Suriye&#8217;deki krizin \u00e7\u00f6z\u00fcm\u00fcnde Suriyelilerin y\u00f6netece\u011fi bir s\u00fcrece ihtiya\u00e7 duyuldu\u011funu belirtirken, bir k\u0131s\u0131m muhaliflere g\u00f6nderilen davete cevap bekledi\u011fini ifade etti\u200f<\/p>\n","protected":false},"author":1,"featured_media":0,"comment_status":"closed","ping_status":"closed","sticky":false,"template":"","format":"standard","meta":{"footnotes":""},"categories":[17991],"tags":[],"class_list":["post-59420","post","type-post","status-publish","format-standard","","category-son-dakika"],"_links":{"self":[{"href":"https:\/\/archive.sana.sy\/tr\/index.php?rest_route=\/wp\/v2\/posts\/59420","targetHints":{"allow":["GET"]}}],"collection":[{"href":"https:\/\/archive.sana.sy\/tr\/index.php?rest_route=\/wp\/v2\/posts"}],"about":[{"href":"https:\/\/archive.sana.sy\/tr\/index.php?rest_route=\/wp\/v2\/types\/post"}],"author":[{"embeddable":true,"href":"https:\/\/archive.sana.sy\/tr\/index.php?rest_route=\/wp\/v2\/users\/1"}],"replies":[{"embeddable":true,"href":"https:\/\/archive.sana.sy\/tr\/index.php?rest_route=%2Fwp%2Fv2%2Fcomments&post=59420"}],"version-history":[{"count":0,"href":"https:\/\/archive.sana.sy\/tr\/index.php?rest_route=\/wp\/v2\/posts\/59420\/revisions"}],"wp:attachment":[{"href":"https:\/\/archive.sana.sy\/tr\/index.php?rest_route=%2Fwp%2Fv2%2Fmedia&parent=59420"}],"wp:term":[{"taxonomy":"category","embeddable":true,"href":"https:\/\/archive.sana.sy\/tr\/index.php?rest_route=%2Fwp%2Fv2%2Fcategories&post=59420"},{"taxonomy":"post_tag","embeddable":true,"href":"https:\/\/archive.sana.sy\/tr\/index.php?rest_route=%2Fwp%2Fv2%2Ftags&post=59420"}],"curies":[{"name":"wp","href":"https:\/\/api.w.org\/{rel}","templated":true}]}}