{"id":59424,"date":"2016-01-29T21:01:04","date_gmt":"2016-01-29T19:01:04","guid":{"rendered":"http:\/\/www.sana.sy\/tr\/?p=59424"},"modified":"2016-01-29T21:38:47","modified_gmt":"2016-01-29T19:38:47","slug":"caferi-bir-kisim-taraflarin-suriyede-yabanci-teroristleri-ilimli-muhalifler-adi-altinda-destekledikleri-ve-bu-taraflarin-vekaletle-saval-yuruttukleri-konusunda-de-mistura-ile-fikir-birligi-kayde","status":"publish","type":"post","link":"https:\/\/archive.sana.sy\/tr\/?p=59424","title":{"rendered":"Caferi bir k\u0131s\u0131m taraflar\u0131n Suriye&#8217;de yabanc\u0131 ter\u00f6ristleri &#8220;\u0131l\u0131ml\u0131 muhalifler&#8221; ad\u0131 alt\u0131nda destekledikleri ve bu taraflar\u0131n vekaletle sava\u015f y\u00fcr\u00fctt\u00fckleri konusunda de Mistura ile fikir birli\u011fi kaydettiklerini belirtti\u200f"},"content":{"rendered":"<p>Caferi bir k\u0131s\u0131m taraflar\u0131n Suriye&#8217;de yabanc\u0131 ter\u00f6ristleri &#8220;\u0131l\u0131ml\u0131 muhalifler&#8221; ad\u0131 alt\u0131nda destekledikleri ve bu taraflar\u0131n vekaletle sava\u015f y\u00fcr\u00fctt\u00fckleri konusunda de Mistura ile fikir birli\u011fi kaydettiklerini belirtti\u200f<\/p>\n","protected":false},"excerpt":{"rendered":"<p>Caferi bir k\u0131s\u0131m taraflar\u0131n Suriye&#8217;de yabanc\u0131 ter\u00f6ristleri &#8220;\u0131l\u0131ml\u0131 muhalifler&#8221; ad\u0131 alt\u0131nda destekledikleri ve bu taraflar\u0131n vekaletle sava\u015f y\u00fcr\u00fctt\u00fckleri konusunda de Mistura ile fikir birli\u011fi kaydettiklerini belirtti\u200f<\/p>\n","protected":false},"author":1,"featured_media":0,"comment_status":"closed","ping_status":"closed","sticky":false,"template":"","format":"standard","meta":{"footnotes":""},"categories":[17991],"tags":[],"class_list":["post-59424","post","type-post","status-publish","format-standard","","category-son-dakika"],"_links":{"self":[{"href":"https:\/\/archive.sana.sy\/tr\/index.php?rest_route=\/wp\/v2\/posts\/59424","targetHints":{"allow":["GET"]}}],"collection":[{"href":"https:\/\/archive.sana.sy\/tr\/index.php?rest_route=\/wp\/v2\/posts"}],"about":[{"href":"https:\/\/archive.sana.sy\/tr\/index.php?rest_route=\/wp\/v2\/types\/post"}],"author":[{"embeddable":true,"href":"https:\/\/archive.sana.sy\/tr\/index.php?rest_route=\/wp\/v2\/users\/1"}],"replies":[{"embeddable":true,"href":"https:\/\/archive.sana.sy\/tr\/index.php?rest_route=%2Fwp%2Fv2%2Fcomments&post=59424"}],"version-history":[{"count":0,"href":"https:\/\/archive.sana.sy\/tr\/index.php?rest_route=\/wp\/v2\/posts\/59424\/revisions"}],"wp:attachment":[{"href":"https:\/\/archive.sana.sy\/tr\/index.php?rest_route=%2Fwp%2Fv2%2Fmedia&parent=59424"}],"wp:term":[{"taxonomy":"category","embeddable":true,"href":"https:\/\/archive.sana.sy\/tr\/index.php?rest_route=%2Fwp%2Fv2%2Fcategories&post=59424"},{"taxonomy":"post_tag","embeddable":true,"href":"https:\/\/archive.sana.sy\/tr\/index.php?rest_route=%2Fwp%2Fv2%2Ftags&post=59424"}],"curies":[{"name":"wp","href":"https:\/\/api.w.org\/{rel}","templated":true}]}}