{"id":59428,"date":"2016-01-29T21:10:58","date_gmt":"2016-01-29T19:10:58","guid":{"rendered":"http:\/\/www.sana.sy\/tr\/?p=59428"},"modified":"2016-01-29T21:07:41","modified_gmt":"2016-01-29T19:07:41","slug":"caferi-bm-guvenlik-konseyi-kararinin-isid-nusra-cephesi-ve-kaide-tabanli-orgutlerin-teror-orgutleri-oldugunu-ongordugune-dikkat-cekerken-ahrar-el-sam-islami-hareketinin-de-teror-orgutu-oldugunu-vur","status":"publish","type":"post","link":"https:\/\/archive.sana.sy\/tr\/?p=59428","title":{"rendered":"Caferi; BM G\u00fcvenlik Konseyi karar\u0131n\u0131n I\u015e\u0130D, Nusra Cephesi ve Kaide tabanl\u0131 \u00f6rg\u00fctlerin ter\u00f6r \u00f6rg\u00fctleri oldu\u011funu \u00f6ng\u00f6rd\u00fc\u011f\u00fcne dikkat \u00e7ekerken, Ahrar el \u015eam \u0130slami Hareketinin de ter\u00f6r \u00f6rg\u00fct\u00fc oldu\u011funu vurgulad\u0131\u200f"},"content":{"rendered":"<p>Caferi; BM G\u00fcvenlik Konseyi karar\u0131n\u0131n I\u015e\u0130D, Nusra Cephesi ve Kaide tabanl\u0131 \u00f6rg\u00fctlerin ter\u00f6r \u00f6rg\u00fctleri oldu\u011funu \u00f6ng\u00f6rd\u00fc\u011f\u00fcne dikkat \u00e7ekerken, Ahrar el \u015eam \u0130slami Hareketinin de ter\u00f6r \u00f6rg\u00fct\u00fc oldu\u011funu vurgulad\u0131\u200f<\/p>\n","protected":false},"excerpt":{"rendered":"<p>Caferi; BM G\u00fcvenlik Konseyi karar\u0131n\u0131n I\u015e\u0130D, Nusra Cephesi ve Kaide tabanl\u0131 \u00f6rg\u00fctlerin ter\u00f6r \u00f6rg\u00fctleri oldu\u011funu \u00f6ng\u00f6rd\u00fc\u011f\u00fcne dikkat \u00e7ekerken, Ahrar el \u015eam \u0130slami Hareketinin de ter\u00f6r \u00f6rg\u00fct\u00fc oldu\u011funu vurgulad\u0131\u200f<\/p>\n","protected":false},"author":1,"featured_media":0,"comment_status":"closed","ping_status":"closed","sticky":false,"template":"","format":"standard","meta":{"footnotes":""},"categories":[17991],"tags":[],"class_list":["post-59428","post","type-post","status-publish","format-standard","","category-son-dakika"],"_links":{"self":[{"href":"https:\/\/archive.sana.sy\/tr\/index.php?rest_route=\/wp\/v2\/posts\/59428","targetHints":{"allow":["GET"]}}],"collection":[{"href":"https:\/\/archive.sana.sy\/tr\/index.php?rest_route=\/wp\/v2\/posts"}],"about":[{"href":"https:\/\/archive.sana.sy\/tr\/index.php?rest_route=\/wp\/v2\/types\/post"}],"author":[{"embeddable":true,"href":"https:\/\/archive.sana.sy\/tr\/index.php?rest_route=\/wp\/v2\/users\/1"}],"replies":[{"embeddable":true,"href":"https:\/\/archive.sana.sy\/tr\/index.php?rest_route=%2Fwp%2Fv2%2Fcomments&post=59428"}],"version-history":[{"count":0,"href":"https:\/\/archive.sana.sy\/tr\/index.php?rest_route=\/wp\/v2\/posts\/59428\/revisions"}],"wp:attachment":[{"href":"https:\/\/archive.sana.sy\/tr\/index.php?rest_route=%2Fwp%2Fv2%2Fmedia&parent=59428"}],"wp:term":[{"taxonomy":"category","embeddable":true,"href":"https:\/\/archive.sana.sy\/tr\/index.php?rest_route=%2Fwp%2Fv2%2Fcategories&post=59428"},{"taxonomy":"post_tag","embeddable":true,"href":"https:\/\/archive.sana.sy\/tr\/index.php?rest_route=%2Fwp%2Fv2%2Ftags&post=59428"}],"curies":[{"name":"wp","href":"https:\/\/api.w.org\/{rel}","templated":true}]}}