{"id":59459,"date":"2016-01-30T10:45:07","date_gmt":"2016-01-30T08:45:07","guid":{"rendered":"http:\/\/www.sana.sy\/tr\/?p=59459"},"modified":"2016-01-30T12:41:10","modified_gmt":"2016-01-30T10:41:10","slug":"ordu-birliklerimiz-hama-kirsali-saen-beldesinin-kuzeyinde-turkiye-ve-suudi-rejimine-tabi-tekfirci-ve-hain-teroristleri-sayi-ve-cephaneleriyle-kayiplara-ugratmalari-ardindan-kebbasin-ve-zenkahiye-koyle","status":"publish","type":"post","link":"https:\/\/archive.sana.sy\/tr\/?p=59459","title":{"rendered":"Ordu birliklerimiz Hama k\u0131rsal\u0131 Saen Beldesinin kuzeyinde T\u00fcrkiye ve Suudi rejimine tabi tekfirci ve hain ter\u00f6ristleri say\u0131 ve cephaneleriyle kay\u0131plara u\u011fratmalar\u0131 ard\u0131ndan Kebbasin ve Zenkahiye k\u00f6ylerini ter\u00f6rden temizleyerek halk\u0131n\u0131n g\u00fcvenli\u011fini kontrol\u00fcne ge\u00e7irdi"},"content":{"rendered":"<p>Ordu birliklerimiz Hama k\u0131rsal\u0131 Saen Beldesinin kuzeyinde T\u00fcrkiye ve Suudi rejimine tabi tekfirci ve hain ter\u00f6ristleri say\u0131 ve cephaneleriyle kay\u0131plara u\u011fratmalar\u0131 ard\u0131ndan Kebbasin ve Zenkahiye k\u00f6ylerini ter\u00f6rden temizleyerek halk\u0131n\u0131n g\u00fcvenli\u011fini kontrol\u00fcne ge\u00e7irdi<\/p>\n","protected":false},"excerpt":{"rendered":"<p>Ordu birliklerimiz Hama k\u0131rsal\u0131 Saen Beldesinin kuzeyinde T\u00fcrkiye ve Suudi rejimine tabi tekfirci ve hain ter\u00f6ristleri say\u0131 ve cephaneleriyle kay\u0131plara u\u011fratmalar\u0131 ard\u0131ndan Kebbasin ve Zenkahiye k\u00f6ylerini ter\u00f6rden temizleyerek halk\u0131n\u0131n g\u00fcvenli\u011fini kontrol\u00fcne ge\u00e7irdi<\/p>\n","protected":false},"author":1,"featured_media":0,"comment_status":"closed","ping_status":"closed","sticky":false,"template":"","format":"standard","meta":{"footnotes":""},"categories":[17991],"tags":[],"class_list":["post-59459","post","type-post","status-publish","format-standard","","category-son-dakika"],"_links":{"self":[{"href":"https:\/\/archive.sana.sy\/tr\/index.php?rest_route=\/wp\/v2\/posts\/59459","targetHints":{"allow":["GET"]}}],"collection":[{"href":"https:\/\/archive.sana.sy\/tr\/index.php?rest_route=\/wp\/v2\/posts"}],"about":[{"href":"https:\/\/archive.sana.sy\/tr\/index.php?rest_route=\/wp\/v2\/types\/post"}],"author":[{"embeddable":true,"href":"https:\/\/archive.sana.sy\/tr\/index.php?rest_route=\/wp\/v2\/users\/1"}],"replies":[{"embeddable":true,"href":"https:\/\/archive.sana.sy\/tr\/index.php?rest_route=%2Fwp%2Fv2%2Fcomments&post=59459"}],"version-history":[{"count":0,"href":"https:\/\/archive.sana.sy\/tr\/index.php?rest_route=\/wp\/v2\/posts\/59459\/revisions"}],"wp:attachment":[{"href":"https:\/\/archive.sana.sy\/tr\/index.php?rest_route=%2Fwp%2Fv2%2Fmedia&parent=59459"}],"wp:term":[{"taxonomy":"category","embeddable":true,"href":"https:\/\/archive.sana.sy\/tr\/index.php?rest_route=%2Fwp%2Fv2%2Fcategories&post=59459"},{"taxonomy":"post_tag","embeddable":true,"href":"https:\/\/archive.sana.sy\/tr\/index.php?rest_route=%2Fwp%2Fv2%2Ftags&post=59459"}],"curies":[{"name":"wp","href":"https:\/\/api.w.org\/{rel}","templated":true}]}}