{"id":59480,"date":"2016-01-30T16:30:10","date_gmt":"2016-01-30T14:30:10","guid":{"rendered":"http:\/\/www.sana.sy\/tr\/?p=59480"},"modified":"2016-01-30T16:30:10","modified_gmt":"2016-01-30T14:30:10","slug":"turkiye-vatandasina-15-gun-gozalti-karari-aldi","status":"publish","type":"post","link":"https:\/\/archive.sana.sy\/tr\/?p=59480","title":{"rendered":"T\u00fcrkiye Vatanda\u015f\u0131na 15 G\u00fcn G\u00f6zalt\u0131 Karar\u0131 Ald\u0131"},"content":{"rendered":"<p>KAH\u0130RE \u2013 M\u0131s\u0131r Ola\u011fan\u00fcst\u00fc Hal Mahkemesi birka\u00e7 g\u00fcn \u00f6nce polis merkezlerini g\u00f6r\u00fcnt\u00fclemeye \u00e7al\u0131\u015ft\u0131\u011f\u0131 s\u0131rada tutuklanan T\u00fcrkiyeli bir vatanda\u015f\u0131 soru\u015fturman\u0131n tamamlanmas\u0131 i\u00e7in 15 g\u00fcn g\u00f6zalt\u0131nda tutma karar\u0131 ald\u0131.<\/p>\n<p>M\u0131s\u0131rl\u0131 medya ara\u00e7lar\u0131 ba\u015fkent Kahire\u2019nin g\u00fcneyine d\u00fc\u015fen Omraniye polis merkezlerini g\u00f6r\u00fcnt\u00fclerken tutuklanan T\u00fcrkiye vatanda\u015f\u0131n\u0131n cep telefonunda muhtelif b\u00f6lgelerde polis merkezlerine ait g\u00f6r\u00fcnt\u00fclerin yakaland\u0131\u011f\u0131n\u0131 ifade etti.<\/p>\n<p>Bilindi\u011fi gibi T\u00fcrkiye&#8217;de mevcut ihvanc\u0131 Erdo\u011fan rejimi Suriye, Irak, Yemen, Libya ve daha bir\u00e7ok devlette radikal ter\u00f6ristlere muhtelif t\u00fcr destek vermesinin yan\u0131 s\u0131ra 3 Temmuz 2013 tarihinde M\u0131s\u0131r halk\u0131n\u0131n sandalyeden d\u00fc\u015f\u00fcrd\u00fc\u011f\u00fc M\u00fcsl\u00fcman Karde\u015fler \u00f6rg\u00fct\u00fcne tabi Muhammed Mursi rejimine destek vermi\u015fti. Erdo\u011fan rejiminin M\u0131s\u0131r\u2019da mevcut M\u00fcsl\u00fcman Karde\u015fler ter\u00f6r \u00f6rg\u00fct\u00fcn\u00fc de destekledi\u011fi de biliniyor.<\/p>\n","protected":false},"excerpt":{"rendered":"<p>KAH\u0130RE \u2013 M\u0131s\u0131r Ola\u011fan\u00fcst\u00fc Hal Mahkemesi birka\u00e7 g\u00fcn \u00f6nce polis merkezlerini g\u00f6r\u00fcnt\u00fclemeye \u00e7al\u0131\u015ft\u0131\u011f\u0131 s\u0131rada tutuklanan T\u00fcrkiyeli bir vatanda\u015f\u0131 soru\u015fturman\u0131n tamamlanmas\u0131 i\u00e7in 15 g\u00fcn g\u00f6zalt\u0131nda tutma karar\u0131 ald\u0131. M\u0131s\u0131rl\u0131 medya ara\u00e7lar\u0131 ba\u015fkent Kahire\u2019nin g\u00fcneyine d\u00fc\u015fen Omraniye polis merkezlerini g\u00f6r\u00fcnt\u00fclerken tutuklanan T\u00fcrkiye vatanda\u015f\u0131n\u0131n cep telefonunda muhtelif b\u00f6lgelerde polis merkezlerine ait g\u00f6r\u00fcnt\u00fclerin yakaland\u0131\u011f\u0131n\u0131 ifade etti. Bilindi\u011fi gibi T\u00fcrkiye&#8217;de &hellip;<\/p>\n","protected":false},"author":1,"featured_media":59484,"comment_status":"closed","ping_status":"closed","sticky":false,"template":"","format":"standard","meta":{"footnotes":""},"categories":[458,459,17988],"tags":[9401,18881,18880,17075,18882,17096,18883],"class_list":["post-59480","post","type-post","status-publish","format-standard","has-post-thumbnail","","category-dunya1","category-haberler-arap-uluslararasi-politika","category-son-haberler","tag-erdogan","tag-ihvani-muslimin","tag-misir-yargisi","tag-musluman-kardesler","tag-rabia","tag-recep-tayip-erdogan","tag-turk-polis"],"_links":{"self":[{"href":"https:\/\/archive.sana.sy\/tr\/index.php?rest_route=\/wp\/v2\/posts\/59480","targetHints":{"allow":["GET"]}}],"collection":[{"href":"https:\/\/archive.sana.sy\/tr\/index.php?rest_route=\/wp\/v2\/posts"}],"about":[{"href":"https:\/\/archive.sana.sy\/tr\/index.php?rest_route=\/wp\/v2\/types\/post"}],"author":[{"embeddable":true,"href":"https:\/\/archive.sana.sy\/tr\/index.php?rest_route=\/wp\/v2\/users\/1"}],"replies":[{"embeddable":true,"href":"https:\/\/archive.sana.sy\/tr\/index.php?rest_route=%2Fwp%2Fv2%2Fcomments&post=59480"}],"version-history":[{"count":0,"href":"https:\/\/archive.sana.sy\/tr\/index.php?rest_route=\/wp\/v2\/posts\/59480\/revisions"}],"wp:featuredmedia":[{"embeddable":true,"href":"https:\/\/archive.sana.sy\/tr\/index.php?rest_route=\/wp\/v2\/media\/59484"}],"wp:attachment":[{"href":"https:\/\/archive.sana.sy\/tr\/index.php?rest_route=%2Fwp%2Fv2%2Fmedia&parent=59480"}],"wp:term":[{"taxonomy":"category","embeddable":true,"href":"https:\/\/archive.sana.sy\/tr\/index.php?rest_route=%2Fwp%2Fv2%2Fcategories&post=59480"},{"taxonomy":"post_tag","embeddable":true,"href":"https:\/\/archive.sana.sy\/tr\/index.php?rest_route=%2Fwp%2Fv2%2Ftags&post=59480"}],"curies":[{"name":"wp","href":"https:\/\/api.w.org\/{rel}","templated":true}]}}