{"id":59504,"date":"2016-01-30T18:53:23","date_gmt":"2016-01-30T16:53:23","guid":{"rendered":"http:\/\/www.sana.sy\/tr\/?p=59504"},"modified":"2016-01-30T18:53:23","modified_gmt":"2016-01-30T16:53:23","slug":"askeri-kaynak-ordu-birliklerimizin-lazkiye-kirsalinin-kuzeydogusunda-idlib-il-idari-sinirlarina-yakin-dusen-kabbane-koyunde-ihvanci-erdogan-rejimine-bagli-teroristlerin-siper-ve-mevkilerini-hedef-alm","status":"publish","type":"post","link":"https:\/\/archive.sana.sy\/tr\/?p=59504","title":{"rendered":"Askeri kaynak; ordu birliklerimizin Lazkiye k\u0131rsal\u0131n\u0131n kuzeydo\u011fusunda \u0130dlib \u0130l idari s\u0131n\u0131rlar\u0131na yak\u0131n d\u00fc\u015fen Kabbane K\u00f6y\u00fcnde ihvanc\u0131 Erdo\u011fan rejimine ba\u011fl\u0131 ter\u00f6ristlerin siper ve mevkilerini hedef almalar\u0131yla \u00e7ok say\u0131da ter\u00f6risti \u00f6l\u00fc ve yaral\u0131 d\u00fc\u015f\u00fcr\u00fcp havzalar\u0131nda bulunan silah ve m\u00fchimmatlar\u0131n\u0131n yan\u0131 s\u0131ra a\u011f\u0131r makineli silahlarla donat\u0131lm\u0131\u015f ara\u00e7lar\u0131n\u0131 imha ettiklerini ifade etti"},"content":{"rendered":"<p>Askeri kaynak; ordu birliklerimizin Lazkiye k\u0131rsal\u0131n\u0131n kuzeydo\u011fusunda \u0130dlib \u0130l idari s\u0131n\u0131rlar\u0131na yak\u0131n d\u00fc\u015fen Kabbane K\u00f6y\u00fcnde ihvanc\u0131 Erdo\u011fan rejimine ba\u011fl\u0131 ter\u00f6ristlerin siper ve mevkilerini hedef almalar\u0131yla \u00e7ok say\u0131da ter\u00f6risti \u00f6l\u00fc ve yaral\u0131 d\u00fc\u015f\u00fcr\u00fcp havzalar\u0131nda bulunan silah ve m\u00fchimmatlar\u0131n\u0131n yan\u0131 s\u0131ra a\u011f\u0131r makineli silahlarla donat\u0131lm\u0131\u015f ara\u00e7lar\u0131n\u0131 imha ettiklerini ifade etti.<\/p>\n","protected":false},"excerpt":{"rendered":"<p>Askeri kaynak; ordu birliklerimizin Lazkiye k\u0131rsal\u0131n\u0131n kuzeydo\u011fusunda \u0130dlib \u0130l idari s\u0131n\u0131rlar\u0131na yak\u0131n d\u00fc\u015fen Kabbane K\u00f6y\u00fcnde ihvanc\u0131 Erdo\u011fan rejimine ba\u011fl\u0131 ter\u00f6ristlerin siper ve mevkilerini hedef almalar\u0131yla \u00e7ok say\u0131da ter\u00f6risti \u00f6l\u00fc ve yaral\u0131 d\u00fc\u015f\u00fcr\u00fcp havzalar\u0131nda bulunan silah ve m\u00fchimmatlar\u0131n\u0131n yan\u0131 s\u0131ra a\u011f\u0131r makineli silahlarla donat\u0131lm\u0131\u015f ara\u00e7lar\u0131n\u0131 imha ettiklerini ifade etti.<\/p>\n","protected":false},"author":1,"featured_media":0,"comment_status":"closed","ping_status":"closed","sticky":false,"template":"","format":"standard","meta":{"footnotes":""},"categories":[17991],"tags":[],"class_list":["post-59504","post","type-post","status-publish","format-standard","","category-son-dakika"],"_links":{"self":[{"href":"https:\/\/archive.sana.sy\/tr\/index.php?rest_route=\/wp\/v2\/posts\/59504","targetHints":{"allow":["GET"]}}],"collection":[{"href":"https:\/\/archive.sana.sy\/tr\/index.php?rest_route=\/wp\/v2\/posts"}],"about":[{"href":"https:\/\/archive.sana.sy\/tr\/index.php?rest_route=\/wp\/v2\/types\/post"}],"author":[{"embeddable":true,"href":"https:\/\/archive.sana.sy\/tr\/index.php?rest_route=\/wp\/v2\/users\/1"}],"replies":[{"embeddable":true,"href":"https:\/\/archive.sana.sy\/tr\/index.php?rest_route=%2Fwp%2Fv2%2Fcomments&post=59504"}],"version-history":[{"count":0,"href":"https:\/\/archive.sana.sy\/tr\/index.php?rest_route=\/wp\/v2\/posts\/59504\/revisions"}],"wp:attachment":[{"href":"https:\/\/archive.sana.sy\/tr\/index.php?rest_route=%2Fwp%2Fv2%2Fmedia&parent=59504"}],"wp:term":[{"taxonomy":"category","embeddable":true,"href":"https:\/\/archive.sana.sy\/tr\/index.php?rest_route=%2Fwp%2Fv2%2Fcategories&post=59504"},{"taxonomy":"post_tag","embeddable":true,"href":"https:\/\/archive.sana.sy\/tr\/index.php?rest_route=%2Fwp%2Fv2%2Ftags&post=59504"}],"curies":[{"name":"wp","href":"https:\/\/api.w.org\/{rel}","templated":true}]}}