{"id":59511,"date":"2016-01-30T19:40:04","date_gmt":"2016-01-30T17:40:04","guid":{"rendered":"http:\/\/www.sana.sy\/tr\/?p=59511"},"modified":"2016-02-01T13:34:39","modified_gmt":"2016-02-01T11:34:39","slug":"lavrov-ve-kerry-cenevre-iiiun-organizasyonunu-gorustu","status":"publish","type":"post","link":"https:\/\/archive.sana.sy\/tr\/?p=59511","title":{"rendered":"Lavrov ve Kerry Cenevre III\u2019\u00fcn Organizasyonunu G\u00f6r\u00fc\u015ft\u00fc"},"content":{"rendered":"<p>MOSKOVA \u2013 Rusya D\u0131\u015fi\u015fleri Bakanl\u0131\u011f\u0131 D\u0131\u015fi\u015fleri Bakan\u0131 Sergey Lavrov\u2019un bug\u00fcn ABD\u2019li mevkida\u015f\u0131 John Kerry ile telefon g\u00f6r\u00fc\u015fmesinde Cenevre&#8217;de Suriyeliler aras\u0131nda d\u00fczenlenen g\u00f6r\u00fc\u015fmelerin organizasyonunu g\u00f6r\u00fc\u015ft\u00fc\u011f\u00fcn\u00fc ilan etti.<\/p>\n<p>Bakanl\u0131k bug\u00fcn yay\u0131nlad\u0131\u011f\u0131 beyanda iki d\u0131\u015fi\u015fleri bakan\u0131n\u0131n; Suriye&#8217;deki krize siyasi \u00e7\u00f6z\u00fcm bulma amac\u0131yla yap\u0131lan Cenevre III g\u00f6r\u00fc\u015fmelerinin organizasyonuna ili\u015fkin meselelere odakland\u0131klar\u0131n\u0131 belirtti. Lavrov ve Kerry\u2019nin Cenevre III g\u00f6r\u00fc\u015fmelerinin sonu\u00e7lar\u0131n\u0131 11 \u015eubat\u2019ta Munih\u2019te d\u00fczenlenecek Suriye&#8217;ye destek grubu devletlerinin toplant\u0131s\u0131nda de\u011ferlendirme \u00fczerine anla\u015ft\u0131klar\u0131n\u0131n ifade edildi\u011fi beyanda; iki taraf\u0131n g\u00f6r\u00fc\u015fmelerine ayr\u0131ca ikili ili\u015fkilere ek olarak uluslar aras\u0131 \u00f6nemli g\u00fcndem konular\u0131n\u0131 ele ald\u0131klar\u0131na da i\u015faret edildi.<\/p>\n","protected":false},"excerpt":{"rendered":"<p>MOSKOVA \u2013 Rusya D\u0131\u015fi\u015fleri Bakanl\u0131\u011f\u0131 D\u0131\u015fi\u015fleri Bakan\u0131 Sergey Lavrov\u2019un bug\u00fcn ABD\u2019li mevkida\u015f\u0131 John Kerry ile telefon g\u00f6r\u00fc\u015fmesinde Cenevre&#8217;de Suriyeliler aras\u0131nda d\u00fczenlenen g\u00f6r\u00fc\u015fmelerin organizasyonunu g\u00f6r\u00fc\u015ft\u00fc\u011f\u00fcn\u00fc ilan etti. Bakanl\u0131k bug\u00fcn yay\u0131nlad\u0131\u011f\u0131 beyanda iki d\u0131\u015fi\u015fleri bakan\u0131n\u0131n; Suriye&#8217;deki krize siyasi \u00e7\u00f6z\u00fcm bulma amac\u0131yla yap\u0131lan Cenevre III g\u00f6r\u00fc\u015fmelerinin organizasyonuna ili\u015fkin meselelere odakland\u0131klar\u0131n\u0131 belirtti. Lavrov ve Kerry\u2019nin Cenevre III g\u00f6r\u00fc\u015fmelerinin sonu\u00e7lar\u0131n\u0131 &hellip;<\/p>\n","protected":false},"author":1,"featured_media":59512,"comment_status":"closed","ping_status":"closed","sticky":false,"template":"","format":"standard","meta":{"footnotes":""},"categories":[458,459,17988],"tags":[],"class_list":["post-59511","post","type-post","status-publish","format-standard","has-post-thumbnail","","category-dunya1","category-haberler-arap-uluslararasi-politika","category-son-haberler"],"_links":{"self":[{"href":"https:\/\/archive.sana.sy\/tr\/index.php?rest_route=\/wp\/v2\/posts\/59511","targetHints":{"allow":["GET"]}}],"collection":[{"href":"https:\/\/archive.sana.sy\/tr\/index.php?rest_route=\/wp\/v2\/posts"}],"about":[{"href":"https:\/\/archive.sana.sy\/tr\/index.php?rest_route=\/wp\/v2\/types\/post"}],"author":[{"embeddable":true,"href":"https:\/\/archive.sana.sy\/tr\/index.php?rest_route=\/wp\/v2\/users\/1"}],"replies":[{"embeddable":true,"href":"https:\/\/archive.sana.sy\/tr\/index.php?rest_route=%2Fwp%2Fv2%2Fcomments&post=59511"}],"version-history":[{"count":0,"href":"https:\/\/archive.sana.sy\/tr\/index.php?rest_route=\/wp\/v2\/posts\/59511\/revisions"}],"wp:featuredmedia":[{"embeddable":true,"href":"https:\/\/archive.sana.sy\/tr\/index.php?rest_route=\/wp\/v2\/media\/59512"}],"wp:attachment":[{"href":"https:\/\/archive.sana.sy\/tr\/index.php?rest_route=%2Fwp%2Fv2%2Fmedia&parent=59511"}],"wp:term":[{"taxonomy":"category","embeddable":true,"href":"https:\/\/archive.sana.sy\/tr\/index.php?rest_route=%2Fwp%2Fv2%2Fcategories&post=59511"},{"taxonomy":"post_tag","embeddable":true,"href":"https:\/\/archive.sana.sy\/tr\/index.php?rest_route=%2Fwp%2Fv2%2Ftags&post=59511"}],"curies":[{"name":"wp","href":"https:\/\/api.w.org\/{rel}","templated":true}]}}