{"id":59520,"date":"2016-01-30T20:30:46","date_gmt":"2016-01-30T18:30:46","guid":{"rendered":"http:\/\/www.sana.sy\/tr\/?p=59520"},"modified":"2016-01-31T17:36:22","modified_gmt":"2016-01-31T15:36:22","slug":"ne-guvenlik-konseyi-karari-ne-de-viyana-belgeleri-bunu-ongormuyor","status":"publish","type":"post","link":"https:\/\/archive.sana.sy\/tr\/?p=59520","title":{"rendered":"Ne G\u00fcvenlik Konseyi Karar\u0131 ne de Viyana Belgeleri Bunu \u00d6ng\u00f6rm\u00fcyor"},"content":{"rendered":"<p>MOSKOVA \u2013 Rusya D\u0131\u015fi\u015fleri Bakan\u0131 Yard\u0131mc\u0131s\u0131 Gennady Gatilov Suriyeliler aras\u0131nda diyalog g\u00f6r\u00fc\u015fmelerinin ba\u015flamas\u0131 i\u00e7in hi\u00e7bir \u00f6nko\u015fulun bulunmad\u0131\u011f\u0131n\u0131 vurgulad\u0131.<\/p>\n<p>Gatilov bug\u00fcn yapt\u0131\u011f\u0131 bas\u0131n a\u00e7\u0131klamalar\u0131nda insani durumlar\u0131n b\u00fcy\u00fck ve ciddi bir \u00f6nem ta\u015f\u0131d\u0131\u011f\u0131n\u0131, fakat Suriyeliler aras\u0131nda diyalog g\u00f6r\u00fc\u015fmelerinin ba\u015flamas\u0131 i\u00e7in ne BM G\u00fcvenlik Konseyi kararlar\u0131, ne de Viyana belgelerinin Suriye&#8217;de insani durumlar\u0131n iyile\u015fmesini \u00f6nko\u015ful olarak dayatmad\u0131\u011f\u0131n\u0131n alt\u0131n\u0131 \u00e7izdi.<\/p>\n<p>Rusya&#8217;n\u0131n Suriye&#8217;de insani durumlar\u0131n iyile\u015ftirilmesi i\u00e7in bir dizi \u00e7abada bulundu\u011funu ve ad\u0131m att\u0131\u011f\u0131n\u0131 ifade eden Gatilov; BM\u2019de insani yard\u0131mlardan sorumlu yetkililerin bunu gayet iyi bildiklerini s\u00f6yledi.<\/p>\n<p>Gatilov Moskova&#8217;n\u0131n K\u00fcrt Demokratik Birlik Partisinin Suriyeliler aras\u0131nda yap\u0131lacak diyalog g\u00f6r\u00fc\u015fmelerine davet edilmesi i\u00e7in \u00e7abalar\u0131n\u0131 s\u00fcrd\u00fcrece\u011fini belirtti. BM Suriye \u00f6zel temsilcisi Staffan de Mistura\u2019n\u0131n K\u00fcrtleri Cenevre III g\u00f6r\u00fc\u015fmelerine davetini beklemeye ald\u0131\u011f\u0131n\u0131 ifade eden Gatilov; fakat de Mistura\u2019n\u0131n K\u00fcrtlerin davet edilmeleri i\u00e7in gereken her gayreti sarf etme s\u00f6z\u00fc verdi\u011fini belirtti.<\/p>\n","protected":false},"excerpt":{"rendered":"<p>MOSKOVA \u2013 Rusya D\u0131\u015fi\u015fleri Bakan\u0131 Yard\u0131mc\u0131s\u0131 Gennady Gatilov Suriyeliler aras\u0131nda diyalog g\u00f6r\u00fc\u015fmelerinin ba\u015flamas\u0131 i\u00e7in hi\u00e7bir \u00f6nko\u015fulun bulunmad\u0131\u011f\u0131n\u0131 vurgulad\u0131. Gatilov bug\u00fcn yapt\u0131\u011f\u0131 bas\u0131n a\u00e7\u0131klamalar\u0131nda insani durumlar\u0131n b\u00fcy\u00fck ve ciddi bir \u00f6nem ta\u015f\u0131d\u0131\u011f\u0131n\u0131, fakat Suriyeliler aras\u0131nda diyalog g\u00f6r\u00fc\u015fmelerinin ba\u015flamas\u0131 i\u00e7in ne BM G\u00fcvenlik Konseyi kararlar\u0131, ne de Viyana belgelerinin Suriye&#8217;de insani durumlar\u0131n iyile\u015fmesini \u00f6nko\u015ful olarak dayatmad\u0131\u011f\u0131n\u0131n alt\u0131n\u0131 &hellip;<\/p>\n","protected":false},"author":1,"featured_media":59521,"comment_status":"closed","ping_status":"closed","sticky":false,"template":"","format":"standard","meta":{"footnotes":""},"categories":[458,459,17988],"tags":[18896],"class_list":["post-59520","post","type-post","status-publish","format-standard","has-post-thumbnail","","category-dunya1","category-haberler-arap-uluslararasi-politika","category-son-haberler","tag-ne-guvenlik-konseyi-karari-ne-de-viyana-belgeleri-bunu-ongormuyor"],"_links":{"self":[{"href":"https:\/\/archive.sana.sy\/tr\/index.php?rest_route=\/wp\/v2\/posts\/59520","targetHints":{"allow":["GET"]}}],"collection":[{"href":"https:\/\/archive.sana.sy\/tr\/index.php?rest_route=\/wp\/v2\/posts"}],"about":[{"href":"https:\/\/archive.sana.sy\/tr\/index.php?rest_route=\/wp\/v2\/types\/post"}],"author":[{"embeddable":true,"href":"https:\/\/archive.sana.sy\/tr\/index.php?rest_route=\/wp\/v2\/users\/1"}],"replies":[{"embeddable":true,"href":"https:\/\/archive.sana.sy\/tr\/index.php?rest_route=%2Fwp%2Fv2%2Fcomments&post=59520"}],"version-history":[{"count":0,"href":"https:\/\/archive.sana.sy\/tr\/index.php?rest_route=\/wp\/v2\/posts\/59520\/revisions"}],"wp:featuredmedia":[{"embeddable":true,"href":"https:\/\/archive.sana.sy\/tr\/index.php?rest_route=\/wp\/v2\/media\/59521"}],"wp:attachment":[{"href":"https:\/\/archive.sana.sy\/tr\/index.php?rest_route=%2Fwp%2Fv2%2Fmedia&parent=59520"}],"wp:term":[{"taxonomy":"category","embeddable":true,"href":"https:\/\/archive.sana.sy\/tr\/index.php?rest_route=%2Fwp%2Fv2%2Fcategories&post=59520"},{"taxonomy":"post_tag","embeddable":true,"href":"https:\/\/archive.sana.sy\/tr\/index.php?rest_route=%2Fwp%2Fv2%2Ftags&post=59520"}],"curies":[{"name":"wp","href":"https:\/\/api.w.org\/{rel}","templated":true}]}}