{"id":59528,"date":"2016-01-31T11:51:30","date_gmt":"2016-01-31T09:51:30","guid":{"rendered":"http:\/\/www.sana.sy\/tr\/?p=59528"},"modified":"2016-01-31T11:51:30","modified_gmt":"2016-01-31T09:51:30","slug":"sananin-sam-kirsali-muhabiri-baskentin-guney-kirsali-seyyide-zeynebin-kuu-el-sudan-bolgesinde-bombali-eylemin-meydana-geldigini-aktardi","status":"publish","type":"post","link":"https:\/\/archive.sana.sy\/tr\/?p=59528","title":{"rendered":"SANA\u2019n\u0131n \u015eam k\u0131rsal\u0131 muhabiri ba\u015fkentin g\u00fcney k\u0131rsal\u0131 Seyyide Zeyneb\u2019in Kuu el Sudan B\u00f6lgesinde bombal\u0131 eylemin meydana geldi\u011fini aktard\u0131"},"content":{"rendered":"<p>SANA\u2019n\u0131n \u015eam k\u0131rsal\u0131 muhabiri ba\u015fkentin g\u00fcney k\u0131rsal\u0131 Seyyide Zeyneb\u2019in Kuu el Sudan B\u00f6lgesinde bombal\u0131 eylemin meydana geldi\u011fini aktard\u0131<\/p>\n","protected":false},"excerpt":{"rendered":"<p>SANA\u2019n\u0131n \u015eam k\u0131rsal\u0131 muhabiri ba\u015fkentin g\u00fcney k\u0131rsal\u0131 Seyyide Zeyneb\u2019in Kuu el Sudan B\u00f6lgesinde bombal\u0131 eylemin meydana geldi\u011fini aktard\u0131<\/p>\n","protected":false},"author":1,"featured_media":0,"comment_status":"closed","ping_status":"closed","sticky":false,"template":"","format":"standard","meta":{"footnotes":""},"categories":[17991],"tags":[18899],"class_list":["post-59528","post","type-post","status-publish","format-standard","","category-son-dakika","tag-sananin-sam-kirsali-muhabiri-baskentin-guney-kirsali-seyyide-zeynebin-kuu-el-sudan-bolgesinde-bombali-eylemin-meydana-geldigini-aktardi"],"_links":{"self":[{"href":"https:\/\/archive.sana.sy\/tr\/index.php?rest_route=\/wp\/v2\/posts\/59528","targetHints":{"allow":["GET"]}}],"collection":[{"href":"https:\/\/archive.sana.sy\/tr\/index.php?rest_route=\/wp\/v2\/posts"}],"about":[{"href":"https:\/\/archive.sana.sy\/tr\/index.php?rest_route=\/wp\/v2\/types\/post"}],"author":[{"embeddable":true,"href":"https:\/\/archive.sana.sy\/tr\/index.php?rest_route=\/wp\/v2\/users\/1"}],"replies":[{"embeddable":true,"href":"https:\/\/archive.sana.sy\/tr\/index.php?rest_route=%2Fwp%2Fv2%2Fcomments&post=59528"}],"version-history":[{"count":0,"href":"https:\/\/archive.sana.sy\/tr\/index.php?rest_route=\/wp\/v2\/posts\/59528\/revisions"}],"wp:attachment":[{"href":"https:\/\/archive.sana.sy\/tr\/index.php?rest_route=%2Fwp%2Fv2%2Fmedia&parent=59528"}],"wp:term":[{"taxonomy":"category","embeddable":true,"href":"https:\/\/archive.sana.sy\/tr\/index.php?rest_route=%2Fwp%2Fv2%2Fcategories&post=59528"},{"taxonomy":"post_tag","embeddable":true,"href":"https:\/\/archive.sana.sy\/tr\/index.php?rest_route=%2Fwp%2Fv2%2Ftags&post=59528"}],"curies":[{"name":"wp","href":"https:\/\/api.w.org\/{rel}","templated":true}]}}