{"id":59533,"date":"2016-01-31T12:28:03","date_gmt":"2016-01-31T10:28:03","guid":{"rendered":"http:\/\/www.sana.sy\/tr\/?p=59533"},"modified":"2016-02-01T13:32:23","modified_gmt":"2016-02-01T11:32:23","slug":"turkiye-rejimi-kartlarini-kaybetmesiyle-ahmakligini-tirmandiriyor","status":"publish","type":"post","link":"https:\/\/archive.sana.sy\/tr\/?p=59533","title":{"rendered":"T\u00fcrkiye Rejimi Kartlar\u0131n\u0131 Kaybetmesiyle Ahmakl\u0131\u011f\u0131n\u0131 T\u0131rmand\u0131r\u0131yor"},"content":{"rendered":"<p>\u015eAM \u2013 Enformasyon Bakan\u0131 Omran el Zoubi Suriye\u2019deki krizin \u00e7\u00f6z\u00fcm\u00fc i\u00e7in siyasi s\u00fcre\u00e7te ilerlemenin sa\u011flanmas\u0131 i\u00e7in her \u015feyden \u00f6nce Suriye&#8217;de faaliyet g\u00f6steren ter\u00f6r \u00f6rg\u00fctlerin listesini belirlemekle birlikte ter\u00f6rle m\u00fccadelede uzla\u015fmay\u0131 gerektirdi\u011fini belirtti.<\/p>\n<p>Suriye Televizyonu ile d\u00fcn bulundu\u011fu m\u00fclakat\u0131nda Bakan Zoubi; Suriye\u2019deki krize yegane \u00e7\u00f6z\u00fcm\u00fcn, Suriyelilerin kendi aralar\u0131nda \u00fcst\u00fcne anla\u015facaklar\u0131 ve onaylayacaklar\u0131 bir \u00e7\u00f6z\u00fcm oldu\u011funun alt\u0131n\u0131 \u00e7izerken, d\u0131\u015far\u0131dan \u00e7\u00f6z\u00fcm dayatman\u0131n m\u00fcmk\u00fcn olmad\u0131\u011f\u0131n\u0131 ifade etti.<\/p>\n<p>D\u0131\u015f g\u00fc\u00e7lere tabi olan ve muhalefet olarak adland\u0131r\u0131lan kimi taraflar\u0131n Suriye&#8217;de insani durumlardan ya da yard\u0131mlardan s\u00f6z etme hakk\u0131na kesinlikle sahip olmad\u0131klar\u0131n\u0131 vurgulayan Zoubi; Suriye h\u00fck\u00fcmetinin kriz b\u00f6lgelerinde vatanda\u015flara takdim etti\u011fi insani yard\u0131mlar\u0131n BM ve di\u011fer t\u00fcm taraflar\u0131n takdim ettikleri yard\u0131mlardan defalarca daha fazla oldu\u011funu belirtti. Zoubi bunun yan\u0131nda Suriye h\u00fck\u00fcmetinin takdim etti\u011fi insani yard\u0131mlar\u0131n, bu taraflara tabi olan silahl\u0131 ter\u00f6r \u00f6rg\u00fctleri taraf\u0131ndan gasp edildi\u011finin da alt\u0131n\u0131 \u00e7izdi.<\/p>\n<p>Bakan Zoubi T\u00fcrkiye&#8217;de mevcut ihvanc\u0131 rejim ve Suudi Arabistan\u2019daki vahhabi rejimin b\u00f6lgedeki kartlar\u0131n\u0131 kaybetmeye ba\u015flad\u0131klar\u0131na dikkat \u00e7ekerken, bu nedenle ahmak\u00e7a tutumlar\u0131n\u0131 t\u0131rmand\u0131rd\u0131klar\u0131n\u0131 vurgulad\u0131. Bu rejimlerin siyasi bir zafer elde etmeye \u00e7al\u0131\u015ft\u0131klar\u0131n\u0131 ifade eden Zoubi; bunun i\u00e7inde taleplerini artt\u0131rmaya, i\u00e7 krizlerini \u00f6rtbas etme ve t\u0131rmand\u0131rmalarda bulunmaya \u00e7abalad\u0131klar\u0131n\u0131 s\u00f6yledi.<\/p>\n<p>Cenevre III g\u00f6r\u00fc\u015fmeleri konusunda ise Bakan Zoubi; bunun Suriyelilerin daha \u00f6nceki g\u00f6r\u00fc\u015fmelerden ald\u0131klar\u0131 derslere ba\u011fl\u0131 oldu\u011funu belirtti. Zoubi daha \u00f6nceki g\u00f6r\u00fc\u015fmeleri ve Suriyeliler aras\u0131ndaki siyasi diyalogu engelleyen taraflar\u0131n \u015fimdi de yine bu y\u00f6ndeki her \u00e7abay\u0131 engellemeye \u00e7al\u0131\u015ft\u0131klar\u0131n\u0131n alt\u0131n\u0131 \u00e7izdi.<\/p>\n<p>Muhalefet olarak adland\u0131r\u0131lan taraflar\u0131n Cenevre III g\u00f6r\u00fc\u015fmelerine kat\u0131lmak i\u00e7in ate\u015fkes \u00f6nko\u015fulu dayatmalar\u0131 konusunda ise Bakan Zoubi; ate\u015fkesin olmas\u0131 halinde zaten Cenevre III\u2019e gerek kalmayaca\u011f\u0131n\u0131 s\u00f6yledi. Zoubi; bir\u00e7ok b\u00f6lgede ulusal uzla\u015fma sonucunda ate\u015fkesin oldu\u011funu, g\u00fcvenlik ve istikrar\u0131n da sa\u011fland\u0131\u011f\u0131na dikkat \u00e7ekti.<\/p>\n<p>Suriye&#8217;de mevcut ter\u00f6r \u00f6rg\u00fctlerinin adlar\u0131nda farkl\u0131 \u00f6zlerinde ayn\u0131 odluklar\u0131n\u0131n alt\u0131n\u0131 \u00e7izen Zoubi; ter\u00f6r sorununa son vermek, Suriye halk\u0131n\u0131n ac\u0131lar\u0131n\u0131 bitirmek ve insani durumlar\u0131 iyile\u015ftirmek i\u00e7in ter\u00f6re kar\u015f\u0131 m\u00fccadelede uzla\u015fma sa\u011flanmas\u0131 \u00f6neminin alt\u0131n\u0131 \u00e7izdi.<\/p>\n<p>Enformasyon Bakan\u0131 Zoubi Suriye&#8217;de ter\u00f6r eylemlerinde s\u0131n\u0131r tan\u0131mayan ter\u00f6ristlerin onlara her t\u00fcrl\u00fc destek sa\u011flayan d\u0131\u015f taraflarla birlikte meydanda t\u00fcm ter\u00f6rlerine ra\u011fmen elde edemedikleri ba\u015far\u0131lar\u0131 siyasi bask\u0131larla elde etmeye \u00e7al\u0131\u015ft\u0131klar\u0131n\u0131 belirtti. Suriye&#8217;nin buna izin vermesinin kesinlikle m\u00fcmk\u00fcn olmad\u0131\u011f\u0131n\u0131 vurgulayan Zoubi; Suriye&#8217;nin devlet, halk ve ordu olarak ter\u00f6re kar\u015f\u0131 m\u00fccadele etme, ulusal egemenlik ve ba\u011f\u0131ms\u0131zl\u0131\u011f\u0131n\u0131 savunma, sadece Suriyelilerin kararla\u015ft\u0131racaklar\u0131 bir \u00e7\u00f6z\u00fcm sa\u011flama \u0131srar\u0131nda oldu\u011funa vurgu yapt\u0131.<\/p>\n<p>R.H.<\/p>\n","protected":false},"excerpt":{"rendered":"<p>\u015eAM \u2013 Enformasyon Bakan\u0131 Omran el Zoubi Suriye\u2019deki krizin \u00e7\u00f6z\u00fcm\u00fc i\u00e7in siyasi s\u00fcre\u00e7te ilerlemenin sa\u011flanmas\u0131 i\u00e7in her \u015feyden \u00f6nce Suriye&#8217;de faaliyet g\u00f6steren ter\u00f6r \u00f6rg\u00fctlerin listesini belirlemekle birlikte ter\u00f6rle m\u00fccadelede uzla\u015fmay\u0131 gerektirdi\u011fini belirtti. Suriye Televizyonu ile d\u00fcn bulundu\u011fu m\u00fclakat\u0131nda Bakan Zoubi; Suriye\u2019deki krize yegane \u00e7\u00f6z\u00fcm\u00fcn, Suriyelilerin kendi aralar\u0131nda \u00fcst\u00fcne anla\u015facaklar\u0131 ve onaylayacaklar\u0131 bir \u00e7\u00f6z\u00fcm oldu\u011funun alt\u0131n\u0131 &hellip;<\/p>\n","protected":false},"author":1,"featured_media":59534,"comment_status":"closed","ping_status":"closed","sticky":false,"template":"","format":"standard","meta":{"footnotes":""},"categories":[479,17988,478],"tags":[18900],"class_list":["post-59533","post","type-post","status-publish","format-standard","has-post-thumbnail","","category-haberler-yerel","category-son-haberler","category-yerel","tag-turkiye-rejimi-kartlarini-kaybetmesiyle-ahmakligini-tirmandiriyor"],"_links":{"self":[{"href":"https:\/\/archive.sana.sy\/tr\/index.php?rest_route=\/wp\/v2\/posts\/59533","targetHints":{"allow":["GET"]}}],"collection":[{"href":"https:\/\/archive.sana.sy\/tr\/index.php?rest_route=\/wp\/v2\/posts"}],"about":[{"href":"https:\/\/archive.sana.sy\/tr\/index.php?rest_route=\/wp\/v2\/types\/post"}],"author":[{"embeddable":true,"href":"https:\/\/archive.sana.sy\/tr\/index.php?rest_route=\/wp\/v2\/users\/1"}],"replies":[{"embeddable":true,"href":"https:\/\/archive.sana.sy\/tr\/index.php?rest_route=%2Fwp%2Fv2%2Fcomments&post=59533"}],"version-history":[{"count":0,"href":"https:\/\/archive.sana.sy\/tr\/index.php?rest_route=\/wp\/v2\/posts\/59533\/revisions"}],"wp:featuredmedia":[{"embeddable":true,"href":"https:\/\/archive.sana.sy\/tr\/index.php?rest_route=\/wp\/v2\/media\/59534"}],"wp:attachment":[{"href":"https:\/\/archive.sana.sy\/tr\/index.php?rest_route=%2Fwp%2Fv2%2Fmedia&parent=59533"}],"wp:term":[{"taxonomy":"category","embeddable":true,"href":"https:\/\/archive.sana.sy\/tr\/index.php?rest_route=%2Fwp%2Fv2%2Fcategories&post=59533"},{"taxonomy":"post_tag","embeddable":true,"href":"https:\/\/archive.sana.sy\/tr\/index.php?rest_route=%2Fwp%2Fv2%2Ftags&post=59533"}],"curies":[{"name":"wp","href":"https:\/\/api.w.org\/{rel}","templated":true}]}}