{"id":59537,"date":"2016-01-31T13:54:23","date_gmt":"2016-01-31T11:54:23","guid":{"rendered":"http:\/\/www.sana.sy\/tr\/?p=59537"},"modified":"2016-01-31T13:54:23","modified_gmt":"2016-01-31T11:54:23","slug":"yeni-mezunlar-kazandiklari-deneyimi-sergiledi","status":"publish","type":"post","link":"https:\/\/archive.sana.sy\/tr\/?p=59537","title":{"rendered":"Yeni Mezunlar Kazand\u0131klar\u0131 Deneyimi Sergiledi"},"content":{"rendered":"<p>\u015eAM \u2013 Vatan\u0131 savunman\u0131n herkesin sorumlulu\u011fu oldu\u011fundan hareketle bulunduklar\u0131 b\u00f6lgeleri savunmada ordu birliklerimize destek olmak i\u00e7in g\u00f6n\u00fcll\u00fclerin kat\u0131ld\u0131klar\u0131 e\u011fitimin d\u00f6rd\u00fcnc\u00fc devresi sona erdi.<\/p>\n<p>\u015eam k\u0131rsal\u0131nda ordu birliklerimizin ter\u00f6rden temizledikleri b\u00f6lgeler dahil canlar\u0131n\u0131 ve mallar\u0131n\u0131 korumakla orduya destek olmak i\u00e7in s\u00f6z konusu e\u011fitim devrelerine yo\u011fun ilgi g\u00f6r\u00fcl\u00fcyor. Be\u015finci e\u011fitim devresinin mezunlar\u0131 mezuniyet t\u00f6renlerinde e\u011fitimde kazand\u0131klar\u0131 deneyimleri g\u00f6steren bir sunum takdim etti.<\/p>\n<p>https:\/\/www.youtube.com\/watch?v=4yJma4_DGok<\/p>\n","protected":false},"excerpt":{"rendered":"<p>\u015eAM \u2013 Vatan\u0131 savunman\u0131n herkesin sorumlulu\u011fu oldu\u011fundan hareketle bulunduklar\u0131 b\u00f6lgeleri savunmada ordu birliklerimize destek olmak i\u00e7in g\u00f6n\u00fcll\u00fclerin kat\u0131ld\u0131klar\u0131 e\u011fitimin d\u00f6rd\u00fcnc\u00fc devresi sona erdi. \u015eam k\u0131rsal\u0131nda ordu birliklerimizin ter\u00f6rden temizledikleri b\u00f6lgeler dahil canlar\u0131n\u0131 ve mallar\u0131n\u0131 korumakla orduya destek olmak i\u00e7in s\u00f6z konusu e\u011fitim devrelerine yo\u011fun ilgi g\u00f6r\u00fcl\u00fcyor. Be\u015finci e\u011fitim devresinin mezunlar\u0131 mezuniyet t\u00f6renlerinde e\u011fitimde kazand\u0131klar\u0131 deneyimleri &hellip;<\/p>\n","protected":false},"author":1,"featured_media":59549,"comment_status":"closed","ping_status":"closed","sticky":false,"template":"","format":"standard","meta":{"footnotes":""},"categories":[596,479,18295,17988,478],"tags":[18905,18906],"class_list":["post-59537","post","type-post","status-publish","format-standard","has-post-thumbnail","","category-fotografli-raporlar","category-haberler-yerel","category-sana-video","category-son-haberler","category-yerel","tag-ozel-guvenlik-egitimi","tag-yeni-mezunlar-kazandiklari-deneyimi-sergiledi"],"_links":{"self":[{"href":"https:\/\/archive.sana.sy\/tr\/index.php?rest_route=\/wp\/v2\/posts\/59537","targetHints":{"allow":["GET"]}}],"collection":[{"href":"https:\/\/archive.sana.sy\/tr\/index.php?rest_route=\/wp\/v2\/posts"}],"about":[{"href":"https:\/\/archive.sana.sy\/tr\/index.php?rest_route=\/wp\/v2\/types\/post"}],"author":[{"embeddable":true,"href":"https:\/\/archive.sana.sy\/tr\/index.php?rest_route=\/wp\/v2\/users\/1"}],"replies":[{"embeddable":true,"href":"https:\/\/archive.sana.sy\/tr\/index.php?rest_route=%2Fwp%2Fv2%2Fcomments&post=59537"}],"version-history":[{"count":0,"href":"https:\/\/archive.sana.sy\/tr\/index.php?rest_route=\/wp\/v2\/posts\/59537\/revisions"}],"wp:featuredmedia":[{"embeddable":true,"href":"https:\/\/archive.sana.sy\/tr\/index.php?rest_route=\/wp\/v2\/media\/59549"}],"wp:attachment":[{"href":"https:\/\/archive.sana.sy\/tr\/index.php?rest_route=%2Fwp%2Fv2%2Fmedia&parent=59537"}],"wp:term":[{"taxonomy":"category","embeddable":true,"href":"https:\/\/archive.sana.sy\/tr\/index.php?rest_route=%2Fwp%2Fv2%2Fcategories&post=59537"},{"taxonomy":"post_tag","embeddable":true,"href":"https:\/\/archive.sana.sy\/tr\/index.php?rest_route=%2Fwp%2Fv2%2Ftags&post=59537"}],"curies":[{"name":"wp","href":"https:\/\/api.w.org\/{rel}","templated":true}]}}