{"id":59541,"date":"2016-01-31T13:20:08","date_gmt":"2016-01-31T11:20:08","guid":{"rendered":"http:\/\/www.sana.sy\/tr\/?p=59541"},"modified":"2016-02-01T13:22:26","modified_gmt":"2016-02-01T11:22:26","slug":"de-misturanin-ofisine-hicbir-bilgi-gelmedi","status":"publish","type":"post","link":"https:\/\/archive.sana.sy\/tr\/?p=59541","title":{"rendered":"De Mistura\u2019n\u0131n Ofisine Hi\u00e7bir Bilgi Gelmedi"},"content":{"rendered":"<p>CENEVRE \u2013 BM\u2019nin Suriye \u00f6zel temsilcisi Staffan de Mistura\u2019n\u0131n s\u00f6zc\u00fcs\u00fc Havla Matar; \u2018Riyad muhalefeti\u2019 heyetinin Cenevre&#8217;de Suriyeliler aras\u0131nda d\u00fczenlenen diyalog g\u00f6r\u00fc\u015fmelerine kat\u0131lmak i\u00e7in hi\u00e7bir \u00f6nko\u015ful dayatmad\u0131\u011f\u0131n\u0131 \u00f6ne s\u00fcrd\u00fc.<\/p>\n<p>Rus Tass Haber Ajans\u0131na bug\u00fcn a\u00e7\u0131klama yapan Matar; \u201cRiyad taraf\u0131ndan desteklenen muhalefet cemaati, taleplerinin yerine getirilmemesi halinde Cenevre&#8217;den ayr\u0131labilece\u011fi konusunda BM Suriye \u00f6zel temsilcisi de Mistura\u2019n\u0131n ofisine hi\u00e7bir bilgi vermedi\u201d ifadesini kulland\u0131.<\/p>\n<p>Suudi rejiminin destek ve komutas\u0131ndaki \u2018Riyad muhalefeti\u2019 heyeti; Suudili bir kargo u\u00e7a\u011f\u0131yla Cenevre&#8217;ye ula\u015fmalar\u0131ndan k\u0131sa bir s\u00fcre sonra \u2018\u00f6nko\u015ful ve talepler\u2019 olarak adland\u0131rd\u0131klar\u0131 isteklerinin yerine getirilmemesi halinde diyalogdan \u00e7ekilme tehditlerinde bulunmu\u015flard\u0131.<\/p>\n<p>Enformasyon Bakan\u0131 Omran el Zoubi ise d\u00fcn yapt\u0131\u011f\u0131 a\u00e7\u0131klamada; \u2018Riyad muhalefetinin\u2019 Cenevre g\u00f6r\u00fc\u015fmelerine kat\u0131lmak i\u00e7in hi\u00e7 kimseden herhangi bir garanti almad\u0131klar\u0131n\u0131 belirtirken, Suudi Arabistan ve T\u00fcrkiye rejimlerinin bu gibi bir garanti takdim etmi\u015f olmalar\u0131 halinde muhalefet olarak adland\u0131rd\u0131klar\u0131 heyetini kand\u0131rm\u0131\u015f olaca\u011f\u0131n\u0131 ifade etmi\u015fti.<\/p>\n<p>Rusya D\u0131\u015fi\u015fleri Bakan\u0131 Yard\u0131mc\u0131s\u0131 Gennady Gatilov ise Cenevre\u2019de Suriyeliler aras\u0131nda diyalog g\u00f6r\u00fc\u015fmelerinin ba\u015flamas\u0131 i\u00e7in hi\u00e7bir \u00f6nko\u015fulun bulunmad\u0131\u011f\u0131n\u0131n alt\u0131n\u0131 \u00e7izmi\u015f ne BM G\u00fcvenlik Konseyi karar\u0131 ne de Viyana belgelerinin herhangi bir \u00f6nko\u015ful dayatmad\u0131\u011f\u0131na vurgu yapm\u0131\u015ft\u0131.<\/p>\n<p>R.H.<\/p>\n","protected":false},"excerpt":{"rendered":"<p>CENEVRE \u2013 BM\u2019nin Suriye \u00f6zel temsilcisi Staffan de Mistura\u2019n\u0131n s\u00f6zc\u00fcs\u00fc Havla Matar; \u2018Riyad muhalefeti\u2019 heyetinin Cenevre&#8217;de Suriyeliler aras\u0131nda d\u00fczenlenen diyalog g\u00f6r\u00fc\u015fmelerine kat\u0131lmak i\u00e7in hi\u00e7bir \u00f6nko\u015ful dayatmad\u0131\u011f\u0131n\u0131 \u00f6ne s\u00fcrd\u00fc. Rus Tass Haber Ajans\u0131na bug\u00fcn a\u00e7\u0131klama yapan Matar; \u201cRiyad taraf\u0131ndan desteklenen muhalefet cemaati, taleplerinin yerine getirilmemesi halinde Cenevre&#8217;den ayr\u0131labilece\u011fi konusunda BM Suriye \u00f6zel temsilcisi de Mistura\u2019n\u0131n ofisine &hellip;<\/p>\n","protected":false},"author":1,"featured_media":59542,"comment_status":"closed","ping_status":"closed","sticky":false,"template":"","format":"standard","meta":{"footnotes":""},"categories":[458,459,17988],"tags":[18903,18902],"class_list":["post-59541","post","type-post","status-publish","format-standard","has-post-thumbnail","","category-dunya1","category-haberler-arap-uluslararasi-politika","category-son-haberler","tag-bmnin-suriye-ozel-temsilcisi-staffan-de-misturanin-sozcusu-havla-matar","tag-de-misturanin-ofisine-hicbir-bilgi-gelmedi"],"_links":{"self":[{"href":"https:\/\/archive.sana.sy\/tr\/index.php?rest_route=\/wp\/v2\/posts\/59541","targetHints":{"allow":["GET"]}}],"collection":[{"href":"https:\/\/archive.sana.sy\/tr\/index.php?rest_route=\/wp\/v2\/posts"}],"about":[{"href":"https:\/\/archive.sana.sy\/tr\/index.php?rest_route=\/wp\/v2\/types\/post"}],"author":[{"embeddable":true,"href":"https:\/\/archive.sana.sy\/tr\/index.php?rest_route=\/wp\/v2\/users\/1"}],"replies":[{"embeddable":true,"href":"https:\/\/archive.sana.sy\/tr\/index.php?rest_route=%2Fwp%2Fv2%2Fcomments&post=59541"}],"version-history":[{"count":0,"href":"https:\/\/archive.sana.sy\/tr\/index.php?rest_route=\/wp\/v2\/posts\/59541\/revisions"}],"wp:featuredmedia":[{"embeddable":true,"href":"https:\/\/archive.sana.sy\/tr\/index.php?rest_route=\/wp\/v2\/media\/59542"}],"wp:attachment":[{"href":"https:\/\/archive.sana.sy\/tr\/index.php?rest_route=%2Fwp%2Fv2%2Fmedia&parent=59541"}],"wp:term":[{"taxonomy":"category","embeddable":true,"href":"https:\/\/archive.sana.sy\/tr\/index.php?rest_route=%2Fwp%2Fv2%2Fcategories&post=59541"},{"taxonomy":"post_tag","embeddable":true,"href":"https:\/\/archive.sana.sy\/tr\/index.php?rest_route=%2Fwp%2Fv2%2Ftags&post=59541"}],"curies":[{"name":"wp","href":"https:\/\/api.w.org\/{rel}","templated":true}]}}