{"id":59553,"date":"2016-01-31T14:02:54","date_gmt":"2016-01-31T12:02:54","guid":{"rendered":"http:\/\/www.sana.sy\/tr\/?p=59553"},"modified":"2016-04-12T16:50:27","modified_gmt":"2016-04-12T13:50:27","slug":"hama-kirsalinda-agir-kayiplara-ugratildilar","status":"publish","type":"post","link":"https:\/\/archive.sana.sy\/tr\/?p=59553","title":{"rendered":"Hama K\u0131rsal\u0131nda A\u011f\u0131r Kay\u0131plara U\u011frat\u0131ld\u0131lar"},"content":{"rendered":"<p>HAMA &#8211; Askeri bir kaynak; ordu birliklerimizin Halk Savunma G\u00fc\u00e7leriyle i\u015fbirli\u011fi i\u00e7inde Hama k\u0131rsal\u0131 Saen Beldesinin kuzeyinde T\u00fcrkiye ve Suudi rejimine tabi tekfirci ve hain ter\u00f6ristleri say\u0131 ve cephaneleriyle kay\u0131plara u\u011fratmalar\u0131 ard\u0131ndan Kebbasin ve Zenkahiye k\u00f6ylerini ter\u00f6rden temizleyerek halk\u0131n\u0131n g\u00fcvenli\u011fini kontrol\u00fcne ge\u00e7irdiklerini ifade etti.<\/p>\n<p>Kaynak; ordu birliklerimize tabi bomba imha ekiplerinin arama tarama operasyonlar\u0131nda \u00f6zel ve kamu m\u00fclklere yerle\u015ftirilen may\u0131n ve bubi tuzaklar\u0131n\u0131 etkisiz hale getirdiklerini aktard\u0131.<\/p>\n<p>https:\/\/www.youtube.com\/watch?v=0mIdqPuJlTw<\/p>\n","protected":false},"excerpt":{"rendered":"<p>HAMA &#8211; Askeri bir kaynak; ordu birliklerimizin Halk Savunma G\u00fc\u00e7leriyle i\u015fbirli\u011fi i\u00e7inde Hama k\u0131rsal\u0131 Saen Beldesinin kuzeyinde T\u00fcrkiye ve Suudi rejimine tabi tekfirci ve hain ter\u00f6ristleri say\u0131 ve cephaneleriyle kay\u0131plara u\u011fratmalar\u0131 ard\u0131ndan Kebbasin ve Zenkahiye k\u00f6ylerini ter\u00f6rden temizleyerek halk\u0131n\u0131n g\u00fcvenli\u011fini kontrol\u00fcne ge\u00e7irdiklerini ifade etti. Kaynak; ordu birliklerimize tabi bomba imha ekiplerinin arama tarama operasyonlar\u0131nda \u00f6zel &hellip;<\/p>\n","protected":false},"author":1,"featured_media":59554,"comment_status":"closed","ping_status":"closed","sticky":false,"template":"","format":"standard","meta":{"footnotes":""},"categories":[575,18295],"tags":[3464,2905,18237,18066,18907,18674],"class_list":["post-59553","post","type-post","status-publish","format-standard","has-post-thumbnail","","category-olaylar-ve-gercekler","category-sana-video","tag-nusra-cephesi","tag-buvayda","tag-cihatcilar","tag-erdogan-rejimi","tag-hama-kirsalindaki-tekfirciler","tag-silahli-muhalifler"],"_links":{"self":[{"href":"https:\/\/archive.sana.sy\/tr\/index.php?rest_route=\/wp\/v2\/posts\/59553","targetHints":{"allow":["GET"]}}],"collection":[{"href":"https:\/\/archive.sana.sy\/tr\/index.php?rest_route=\/wp\/v2\/posts"}],"about":[{"href":"https:\/\/archive.sana.sy\/tr\/index.php?rest_route=\/wp\/v2\/types\/post"}],"author":[{"embeddable":true,"href":"https:\/\/archive.sana.sy\/tr\/index.php?rest_route=\/wp\/v2\/users\/1"}],"replies":[{"embeddable":true,"href":"https:\/\/archive.sana.sy\/tr\/index.php?rest_route=%2Fwp%2Fv2%2Fcomments&post=59553"}],"version-history":[{"count":0,"href":"https:\/\/archive.sana.sy\/tr\/index.php?rest_route=\/wp\/v2\/posts\/59553\/revisions"}],"wp:featuredmedia":[{"embeddable":true,"href":"https:\/\/archive.sana.sy\/tr\/index.php?rest_route=\/wp\/v2\/media\/59554"}],"wp:attachment":[{"href":"https:\/\/archive.sana.sy\/tr\/index.php?rest_route=%2Fwp%2Fv2%2Fmedia&parent=59553"}],"wp:term":[{"taxonomy":"category","embeddable":true,"href":"https:\/\/archive.sana.sy\/tr\/index.php?rest_route=%2Fwp%2Fv2%2Fcategories&post=59553"},{"taxonomy":"post_tag","embeddable":true,"href":"https:\/\/archive.sana.sy\/tr\/index.php?rest_route=%2Fwp%2Fv2%2Ftags&post=59553"}],"curies":[{"name":"wp","href":"https:\/\/api.w.org\/{rel}","templated":true}]}}