{"id":59561,"date":"2016-01-31T14:14:40","date_gmt":"2016-01-31T12:14:40","guid":{"rendered":"http:\/\/www.sana.sy\/tr\/?p=59561"},"modified":"2016-01-31T14:20:56","modified_gmt":"2016-01-31T12:20:56","slug":"sidin-vahsetine-cesurca-ve-tum-ciplakligiyla-isik-tutan-film-gosterime-girdi","status":"publish","type":"post","link":"https:\/\/archive.sana.sy\/tr\/?p=59561","title":{"rendered":"I\u015e\u0130D&#8217;in Vah\u015fetine Cesurca ve T\u00fcm \u00c7\u0131plakl\u0131\u011f\u0131yla I\u015f\u0131k Tutan Film G\u00f6sterime Girdi"},"content":{"rendered":"<p>\u015eAM &#8211; Suriyeli \u00fcnl\u00fc y\u00f6netmen Necdet \u0130smail Anzur\u2019un \u2018Fani ve Yokoluyor\u2019 adl\u0131 sinema filminin galas\u0131 d\u00fcn ak\u015fam \u015eam&#8217;daki\u00a0Opera Merkezinde yap\u0131ld\u0131.<\/p>\n<p>\u00c7ekimi b\u00fcy\u00fck bir ilgiyle izlenen film; I\u015e\u0130D\u2019in Suriye&#8217;deki vah\u015fetlerine cesurca ve t\u00fcm \u00e7\u0131plakl\u0131\u011f\u0131yla \u0131\u015f\u0131k tutuyor.<\/p>\n<p>https:\/\/www.youtube.com\/watch?v=FkjxAO-d0Lc<\/p>\n","protected":false},"excerpt":{"rendered":"<p>\u015eAM &#8211; Suriyeli \u00fcnl\u00fc y\u00f6netmen Necdet \u0130smail Anzur\u2019un \u2018Fani ve Yokoluyor\u2019 adl\u0131 sinema filminin galas\u0131 d\u00fcn ak\u015fam \u015eam&#8217;daki\u00a0Opera Merkezinde yap\u0131ld\u0131. \u00c7ekimi b\u00fcy\u00fck bir ilgiyle izlenen film; I\u015e\u0130D\u2019in Suriye&#8217;deki vah\u015fetlerine cesurca ve t\u00fcm \u00e7\u0131plakl\u0131\u011f\u0131yla \u0131\u015f\u0131k tutuyor. https:\/\/www.youtube.com\/watch?v=FkjxAO-d0Lc<\/p>\n","protected":false},"author":1,"featured_media":59562,"comment_status":"closed","ping_status":"closed","sticky":false,"template":"","format":"standard","meta":{"footnotes":""},"categories":[596,516,511,18295,17988],"tags":[18911,18910,18909],"class_list":["post-59561","post","type-post","status-publish","format-standard","has-post-thumbnail","","category-fotografli-raporlar","category-haberler-kultur-ve-sanat","category-kultur-ve-sanat","category-sana-video","category-son-haberler","tag-isid-vahsetine-isik-tutan-sinema-filmi","tag-necdet-anzur","tag-sinema-filmi"],"_links":{"self":[{"href":"https:\/\/archive.sana.sy\/tr\/index.php?rest_route=\/wp\/v2\/posts\/59561","targetHints":{"allow":["GET"]}}],"collection":[{"href":"https:\/\/archive.sana.sy\/tr\/index.php?rest_route=\/wp\/v2\/posts"}],"about":[{"href":"https:\/\/archive.sana.sy\/tr\/index.php?rest_route=\/wp\/v2\/types\/post"}],"author":[{"embeddable":true,"href":"https:\/\/archive.sana.sy\/tr\/index.php?rest_route=\/wp\/v2\/users\/1"}],"replies":[{"embeddable":true,"href":"https:\/\/archive.sana.sy\/tr\/index.php?rest_route=%2Fwp%2Fv2%2Fcomments&post=59561"}],"version-history":[{"count":0,"href":"https:\/\/archive.sana.sy\/tr\/index.php?rest_route=\/wp\/v2\/posts\/59561\/revisions"}],"wp:featuredmedia":[{"embeddable":true,"href":"https:\/\/archive.sana.sy\/tr\/index.php?rest_route=\/wp\/v2\/media\/59562"}],"wp:attachment":[{"href":"https:\/\/archive.sana.sy\/tr\/index.php?rest_route=%2Fwp%2Fv2%2Fmedia&parent=59561"}],"wp:term":[{"taxonomy":"category","embeddable":true,"href":"https:\/\/archive.sana.sy\/tr\/index.php?rest_route=%2Fwp%2Fv2%2Fcategories&post=59561"},{"taxonomy":"post_tag","embeddable":true,"href":"https:\/\/archive.sana.sy\/tr\/index.php?rest_route=%2Fwp%2Fv2%2Ftags&post=59561"}],"curies":[{"name":"wp","href":"https:\/\/api.w.org\/{rel}","templated":true}]}}