{"id":59581,"date":"2016-01-31T15:55:22","date_gmt":"2016-01-31T13:55:22","guid":{"rendered":"http:\/\/www.sana.sy\/tr\/?p=59581"},"modified":"2016-01-31T15:31:35","modified_gmt":"2016-01-31T13:31:35","slug":"caferi-suriye-arap-cumhuriyeti-heyetinin-bu-yonde-ciddi-bir-iradeye-sahip-taraflarin-bulunmasi-halinde-suriyenin-derhal-krize-son-verecek-cozum-cabalarina-hazir-oldugunu-belirttigini-ifade-etti","status":"publish","type":"post","link":"https:\/\/archive.sana.sy\/tr\/?p=59581","title":{"rendered":"Caferi Suriye Arap Cumhuriyeti heyetinin, bu y\u00f6nde ciddi bir iradeye sahip taraflar\u0131n bulunmas\u0131 halinde Suriye&#8217;nin derhal krize son verecek \u00e7\u00f6z\u00fcm \u00e7abalar\u0131na haz\u0131r oldu\u011funu belirtti\u011fini ifade etti"},"content":{"rendered":"<p>Caferi Suriye Arap Cumhuriyeti heyetinin, bu y\u00f6nde ciddi bir iradeye sahip taraflar\u0131n bulunmas\u0131 halinde Suriye&#8217;nin derhal krize son verecek \u00e7\u00f6z\u00fcm \u00e7abalar\u0131na haz\u0131r oldu\u011funu belirtti\u011fini ifade etti<\/p>\n","protected":false},"excerpt":{"rendered":"<p>Caferi Suriye Arap Cumhuriyeti heyetinin, bu y\u00f6nde ciddi bir iradeye sahip taraflar\u0131n bulunmas\u0131 halinde Suriye&#8217;nin derhal krize son verecek \u00e7\u00f6z\u00fcm \u00e7abalar\u0131na haz\u0131r oldu\u011funu belirtti\u011fini ifade etti<\/p>\n","protected":false},"author":1,"featured_media":0,"comment_status":"closed","ping_status":"closed","sticky":false,"template":"","format":"standard","meta":{"footnotes":""},"categories":[17991],"tags":[],"class_list":["post-59581","post","type-post","status-publish","format-standard","","category-son-dakika"],"_links":{"self":[{"href":"https:\/\/archive.sana.sy\/tr\/index.php?rest_route=\/wp\/v2\/posts\/59581","targetHints":{"allow":["GET"]}}],"collection":[{"href":"https:\/\/archive.sana.sy\/tr\/index.php?rest_route=\/wp\/v2\/posts"}],"about":[{"href":"https:\/\/archive.sana.sy\/tr\/index.php?rest_route=\/wp\/v2\/types\/post"}],"author":[{"embeddable":true,"href":"https:\/\/archive.sana.sy\/tr\/index.php?rest_route=\/wp\/v2\/users\/1"}],"replies":[{"embeddable":true,"href":"https:\/\/archive.sana.sy\/tr\/index.php?rest_route=%2Fwp%2Fv2%2Fcomments&post=59581"}],"version-history":[{"count":0,"href":"https:\/\/archive.sana.sy\/tr\/index.php?rest_route=\/wp\/v2\/posts\/59581\/revisions"}],"wp:attachment":[{"href":"https:\/\/archive.sana.sy\/tr\/index.php?rest_route=%2Fwp%2Fv2%2Fmedia&parent=59581"}],"wp:term":[{"taxonomy":"category","embeddable":true,"href":"https:\/\/archive.sana.sy\/tr\/index.php?rest_route=%2Fwp%2Fv2%2Fcategories&post=59581"},{"taxonomy":"post_tag","embeddable":true,"href":"https:\/\/archive.sana.sy\/tr\/index.php?rest_route=%2Fwp%2Fv2%2Ftags&post=59581"}],"curies":[{"name":"wp","href":"https:\/\/api.w.org\/{rel}","templated":true}]}}