{"id":59589,"date":"2016-01-31T15:35:45","date_gmt":"2016-01-31T13:35:45","guid":{"rendered":"http:\/\/www.sana.sy\/tr\/?p=59589"},"modified":"2016-01-31T15:13:11","modified_gmt":"2016-01-31T13:13:11","slug":"suriye-hukumeti-heyetinin-suriyedeki-krize-herhangi-bir-siyasi-cozumun-diyalog-surecinde-ciddi-bir-tarafin-varligina-ihtiyac-duyduguna-inandigini-belirten-caferi-suriyenin-bu-gorusmelerde-sifirda","status":"publish","type":"post","link":"https:\/\/archive.sana.sy\/tr\/?p=59589","title":{"rendered":"Suriye h\u00fck\u00fcmeti heyetinin Suriye&#8217;deki krize herhangi bir siyasi \u00e7\u00f6z\u00fcm\u00fcn diyalog s\u00fcrecinde ciddi bir taraf\u0131n varl\u0131\u011f\u0131na ihtiya\u00e7 duydu\u011funa inand\u0131\u011f\u0131n\u0131 belirten Caferi; Suriye&#8217;nin bu g\u00f6r\u00fc\u015fmelerde s\u0131f\u0131rdan ba\u015flamak istemedi\u011fini, daha \u00f6nce var\u0131lan noktadan devam etmek ve \u00fcst\u00fcne anla\u015f\u0131lan kararlar\u0131 hayata ge\u00e7irmek istedi\u011finin alt\u0131n\u0131 \u00e7izdi"},"content":{"rendered":"<p>Suriye h\u00fck\u00fcmeti heyetinin Suriye&#8217;deki krize herhangi bir siyasi \u00e7\u00f6z\u00fcm\u00fcn diyalog s\u00fcrecinde ciddi bir taraf\u0131n varl\u0131\u011f\u0131na ihtiya\u00e7 duydu\u011funa inand\u0131\u011f\u0131n\u0131 belirten Caferi; Suriye&#8217;nin bu g\u00f6r\u00fc\u015fmelerde s\u0131f\u0131rdan ba\u015flamak istemedi\u011fini, daha \u00f6nce var\u0131lan noktadan devam etmek ve \u00fcst\u00fcne anla\u015f\u0131lan kararlar\u0131 hayata ge\u00e7irmek istedi\u011finin alt\u0131n\u0131 \u00e7izdi<\/p>\n","protected":false},"excerpt":{"rendered":"<p>Suriye h\u00fck\u00fcmeti heyetinin Suriye&#8217;deki krize herhangi bir siyasi \u00e7\u00f6z\u00fcm\u00fcn diyalog s\u00fcrecinde ciddi bir taraf\u0131n varl\u0131\u011f\u0131na ihtiya\u00e7 duydu\u011funa inand\u0131\u011f\u0131n\u0131 belirten Caferi; Suriye&#8217;nin bu g\u00f6r\u00fc\u015fmelerde s\u0131f\u0131rdan ba\u015flamak istemedi\u011fini, daha \u00f6nce var\u0131lan noktadan devam etmek ve \u00fcst\u00fcne anla\u015f\u0131lan kararlar\u0131 hayata ge\u00e7irmek istedi\u011finin alt\u0131n\u0131 \u00e7izdi<\/p>\n","protected":false},"author":1,"featured_media":0,"comment_status":"closed","ping_status":"closed","sticky":false,"template":"","format":"standard","meta":{"footnotes":""},"categories":[17991],"tags":[],"class_list":["post-59589","post","type-post","status-publish","format-standard","","category-son-dakika"],"_links":{"self":[{"href":"https:\/\/archive.sana.sy\/tr\/index.php?rest_route=\/wp\/v2\/posts\/59589","targetHints":{"allow":["GET"]}}],"collection":[{"href":"https:\/\/archive.sana.sy\/tr\/index.php?rest_route=\/wp\/v2\/posts"}],"about":[{"href":"https:\/\/archive.sana.sy\/tr\/index.php?rest_route=\/wp\/v2\/types\/post"}],"author":[{"embeddable":true,"href":"https:\/\/archive.sana.sy\/tr\/index.php?rest_route=\/wp\/v2\/users\/1"}],"replies":[{"embeddable":true,"href":"https:\/\/archive.sana.sy\/tr\/index.php?rest_route=%2Fwp%2Fv2%2Fcomments&post=59589"}],"version-history":[{"count":0,"href":"https:\/\/archive.sana.sy\/tr\/index.php?rest_route=\/wp\/v2\/posts\/59589\/revisions"}],"wp:attachment":[{"href":"https:\/\/archive.sana.sy\/tr\/index.php?rest_route=%2Fwp%2Fv2%2Fmedia&parent=59589"}],"wp:term":[{"taxonomy":"category","embeddable":true,"href":"https:\/\/archive.sana.sy\/tr\/index.php?rest_route=%2Fwp%2Fv2%2Fcategories&post=59589"},{"taxonomy":"post_tag","embeddable":true,"href":"https:\/\/archive.sana.sy\/tr\/index.php?rest_route=%2Fwp%2Fv2%2Ftags&post=59589"}],"curies":[{"name":"wp","href":"https:\/\/api.w.org\/{rel}","templated":true}]}}