{"id":59592,"date":"2016-01-31T15:40:27","date_gmt":"2016-01-31T13:40:27","guid":{"rendered":"http:\/\/www.sana.sy\/tr\/?p=59592"},"modified":"2016-01-31T15:22:55","modified_gmt":"2016-01-31T13:22:55","slug":"basin-aciklamalarinda-caferi-suriyede-guney-cephede-faaliyet-gosteren-tekfirci-teror-orgutlerin-cenevredeki-muhalefet-heyetine-destek-eylemleri-duzenleyecekleri-aciklamalarinda-bulunmalari","status":"publish","type":"post","link":"https:\/\/archive.sana.sy\/tr\/?p=59592","title":{"rendered":"Bas\u0131n a\u00e7\u0131klamalar\u0131nda Caferi; Suriye&#8217;de g\u00fcney cephede faaliyet g\u00f6steren tekfirci ter\u00f6r \u00f6rg\u00fctlerin Cenevre\u2019deki muhalefet heyetine destek eylemleri d\u00fczenleyecekleri a\u00e7\u0131klamalar\u0131nda bulunmalar\u0131n\u0131n s\u00f6z konusu ter\u00f6r \u00f6rg\u00fctleri ile kendilerine siyasi muhalefet ad\u0131 veren kimi taraflar aras\u0131ndaki ba\u011flant\u0131lar\u0131 izole etti\u011finin alt\u0131n\u0131 \u00e7izdi"},"content":{"rendered":"<p>Bas\u0131n a\u00e7\u0131klamalar\u0131nda Caferi; Suriye&#8217;de g\u00fcney cephede faaliyet g\u00f6steren tekfirci ter\u00f6r \u00f6rg\u00fctlerin Cenevre\u2019deki muhalefet heyetine destek eylemleri d\u00fczenleyecekleri a\u00e7\u0131klamalar\u0131nda bulunmalar\u0131n\u0131n s\u00f6z konusu ter\u00f6r \u00f6rg\u00fctleri ile kendilerine siyasi muhalefet ad\u0131 veren kimi taraflar aras\u0131ndaki ba\u011flant\u0131lar\u0131 izole etti\u011finin alt\u0131n\u0131 \u00e7izdi<\/p>\n","protected":false},"excerpt":{"rendered":"<p>Bas\u0131n a\u00e7\u0131klamalar\u0131nda Caferi; Suriye&#8217;de g\u00fcney cephede faaliyet g\u00f6steren tekfirci ter\u00f6r \u00f6rg\u00fctlerin Cenevre\u2019deki muhalefet heyetine destek eylemleri d\u00fczenleyecekleri a\u00e7\u0131klamalar\u0131nda bulunmalar\u0131n\u0131n s\u00f6z konusu ter\u00f6r \u00f6rg\u00fctleri ile kendilerine siyasi muhalefet ad\u0131 veren kimi taraflar aras\u0131ndaki ba\u011flant\u0131lar\u0131 izole etti\u011finin alt\u0131n\u0131 \u00e7izdi<\/p>\n","protected":false},"author":1,"featured_media":0,"comment_status":"closed","ping_status":"closed","sticky":false,"template":"","format":"standard","meta":{"footnotes":""},"categories":[17991],"tags":[],"class_list":["post-59592","post","type-post","status-publish","format-standard","","category-son-dakika"],"_links":{"self":[{"href":"https:\/\/archive.sana.sy\/tr\/index.php?rest_route=\/wp\/v2\/posts\/59592","targetHints":{"allow":["GET"]}}],"collection":[{"href":"https:\/\/archive.sana.sy\/tr\/index.php?rest_route=\/wp\/v2\/posts"}],"about":[{"href":"https:\/\/archive.sana.sy\/tr\/index.php?rest_route=\/wp\/v2\/types\/post"}],"author":[{"embeddable":true,"href":"https:\/\/archive.sana.sy\/tr\/index.php?rest_route=\/wp\/v2\/users\/1"}],"replies":[{"embeddable":true,"href":"https:\/\/archive.sana.sy\/tr\/index.php?rest_route=%2Fwp%2Fv2%2Fcomments&post=59592"}],"version-history":[{"count":0,"href":"https:\/\/archive.sana.sy\/tr\/index.php?rest_route=\/wp\/v2\/posts\/59592\/revisions"}],"wp:attachment":[{"href":"https:\/\/archive.sana.sy\/tr\/index.php?rest_route=%2Fwp%2Fv2%2Fmedia&parent=59592"}],"wp:term":[{"taxonomy":"category","embeddable":true,"href":"https:\/\/archive.sana.sy\/tr\/index.php?rest_route=%2Fwp%2Fv2%2Fcategories&post=59592"},{"taxonomy":"post_tag","embeddable":true,"href":"https:\/\/archive.sana.sy\/tr\/index.php?rest_route=%2Fwp%2Fv2%2Ftags&post=59592"}],"curies":[{"name":"wp","href":"https:\/\/api.w.org\/{rel}","templated":true}]}}