{"id":59595,"date":"2016-01-31T15:50:40","date_gmt":"2016-01-31T13:50:40","guid":{"rendered":"http:\/\/www.sana.sy\/tr\/?p=59595"},"modified":"2016-01-31T15:29:06","modified_gmt":"2016-01-31T13:29:06","slug":"suriyede-evlerini-birakan-ve-multeciler-adi-verilenlerin-cogunun-suriye-halkinin-dostlari-olduklarini-iddia-eden-kimi-taraflarin-uyguladiklari-kati-ekonomik-yaptirimlar-nedeniyle-onurlu-bir-yasam-a","status":"publish","type":"post","link":"https:\/\/archive.sana.sy\/tr\/?p=59595","title":{"rendered":"Suriye&#8217;de evlerini b\u0131rakan ve m\u00fclteciler ad\u0131 verilenlerin \u00e7o\u011funun, Suriye halk\u0131n\u0131n dostlar\u0131 olduklar\u0131n\u0131 iddia eden kimi taraflar\u0131n uygulad\u0131klar\u0131 kat\u0131 ekonomik yapt\u0131r\u0131mlar nedeniyle onurlu bir ya\u015fam aray\u0131\u015f\u0131yla Suriye&#8217;den ayr\u0131ld\u0131klar\u0131na dikkat \u00e7eken Caferi; Suriye&#8217;nin BM Suriye \u00f6zel temsilcisi Staffan de Mistura\u2019dan BM misak\u0131 ve G\u00fcvenlik Konseyi kararlar\u0131na ayk\u0131r\u0131 d\u00fc\u015fen bu yapt\u0131r\u0131mlar\u0131 uygulayan devletlerle meseleyi g\u00f6r\u00fc\u015fmesini talep etti\u011fini belirtti"},"content":{"rendered":"<p>Suriye&#8217;de evlerini b\u0131rakan ve m\u00fclteciler ad\u0131 verilenlerin \u00e7o\u011funun, Suriye halk\u0131n\u0131n dostlar\u0131 olduklar\u0131n\u0131 iddia eden kimi taraflar\u0131n uygulad\u0131klar\u0131 kat\u0131 ekonomik yapt\u0131r\u0131mlar nedeniyle onurlu bir ya\u015fam aray\u0131\u015f\u0131yla Suriye&#8217;den ayr\u0131ld\u0131klar\u0131na dikkat \u00e7eken Caferi; Suriye&#8217;nin BM Suriye \u00f6zel temsilcisi Staffan de Mistura\u2019dan BM misak\u0131 ve G\u00fcvenlik Konseyi kararlar\u0131na ayk\u0131r\u0131 d\u00fc\u015fen bu yapt\u0131r\u0131mlar\u0131 uygulayan devletlerle meseleyi g\u00f6r\u00fc\u015fmesini talep etti\u011fini belirtti<\/p>\n","protected":false},"excerpt":{"rendered":"<p>Suriye&#8217;de evlerini b\u0131rakan ve m\u00fclteciler ad\u0131 verilenlerin \u00e7o\u011funun, Suriye halk\u0131n\u0131n dostlar\u0131 olduklar\u0131n\u0131 iddia eden kimi taraflar\u0131n uygulad\u0131klar\u0131 kat\u0131 ekonomik yapt\u0131r\u0131mlar nedeniyle onurlu bir ya\u015fam aray\u0131\u015f\u0131yla Suriye&#8217;den ayr\u0131ld\u0131klar\u0131na dikkat \u00e7eken Caferi; Suriye&#8217;nin BM Suriye \u00f6zel temsilcisi Staffan de Mistura\u2019dan BM misak\u0131 ve G\u00fcvenlik Konseyi kararlar\u0131na ayk\u0131r\u0131 d\u00fc\u015fen bu yapt\u0131r\u0131mlar\u0131 uygulayan devletlerle meseleyi g\u00f6r\u00fc\u015fmesini talep etti\u011fini belirtti<\/p>\n","protected":false},"author":1,"featured_media":0,"comment_status":"closed","ping_status":"closed","sticky":false,"template":"","format":"standard","meta":{"footnotes":""},"categories":[17991],"tags":[],"class_list":["post-59595","post","type-post","status-publish","format-standard","","category-son-dakika"],"_links":{"self":[{"href":"https:\/\/archive.sana.sy\/tr\/index.php?rest_route=\/wp\/v2\/posts\/59595","targetHints":{"allow":["GET"]}}],"collection":[{"href":"https:\/\/archive.sana.sy\/tr\/index.php?rest_route=\/wp\/v2\/posts"}],"about":[{"href":"https:\/\/archive.sana.sy\/tr\/index.php?rest_route=\/wp\/v2\/types\/post"}],"author":[{"embeddable":true,"href":"https:\/\/archive.sana.sy\/tr\/index.php?rest_route=\/wp\/v2\/users\/1"}],"replies":[{"embeddable":true,"href":"https:\/\/archive.sana.sy\/tr\/index.php?rest_route=%2Fwp%2Fv2%2Fcomments&post=59595"}],"version-history":[{"count":0,"href":"https:\/\/archive.sana.sy\/tr\/index.php?rest_route=\/wp\/v2\/posts\/59595\/revisions"}],"wp:attachment":[{"href":"https:\/\/archive.sana.sy\/tr\/index.php?rest_route=%2Fwp%2Fv2%2Fmedia&parent=59595"}],"wp:term":[{"taxonomy":"category","embeddable":true,"href":"https:\/\/archive.sana.sy\/tr\/index.php?rest_route=%2Fwp%2Fv2%2Fcategories&post=59595"},{"taxonomy":"post_tag","embeddable":true,"href":"https:\/\/archive.sana.sy\/tr\/index.php?rest_route=%2Fwp%2Fv2%2Ftags&post=59595"}],"curies":[{"name":"wp","href":"https:\/\/api.w.org\/{rel}","templated":true}]}}