{"id":59598,"date":"2016-01-31T15:42:48","date_gmt":"2016-01-31T13:42:48","guid":{"rendered":"http:\/\/www.sana.sy\/tr\/?p=59598"},"modified":"2016-02-01T13:31:10","modified_gmt":"2016-02-01T11:31:10","slug":"erdogan-rejimi-terorle-mucadeleyi-engellemek-icin-bahane-ariyor","status":"publish","type":"post","link":"https:\/\/archive.sana.sy\/tr\/?p=59598","title":{"rendered":"Erdo\u011fan Rejimi Ter\u00f6rle M\u00fccadeleyi Engellemek \u0130\u00e7in Bahane Ar\u0131yor"},"content":{"rendered":"<p>MOSKOVA \u2013 Rusya Federasyon Konseyinde Uluslararas\u0131 \u0130li\u015fkiler Komitesi Ba\u015fkan\u0131 Konstantin Kosachev T\u00fcrkiye&#8217;deki rejimin, Rusya&#8217;n\u0131n Suriye&#8217;de b\u00f6lge ve t\u00fcm d\u00fcnya halklar\u0131n\u0131 tehdit eden ter\u00f6re kar\u015f\u0131 m\u00fccadelesinin yolunu kesmek i\u00e7in bahane arad\u0131\u011f\u0131n\u0131 belirtti.<\/p>\n<p>Kosachev bug\u00fcn yapt\u0131\u011f\u0131 bas\u0131n a\u00e7\u0131klamas\u0131nda; Rusya, ABD ve T\u00fcrkiye&#8217;nin ter\u00f6rle m\u00fccadelede ortak \u00e7abalarda bulunmalar\u0131 gerekti\u011fini ifade ederken, fakat pratikte bunun tersi oldu\u011funu s\u00f6yledi. T\u00fcrkiye rejiminin Rusya&#8217;n\u0131n ter\u00f6rle m\u00fccadele ama\u00e7l\u0131 \u00e7abalar\u0131n\u0131 baltalamak i\u00e7in elinden gelen her gayreti g\u00f6sterdi\u011fini ifade eden Kosachev; Ankara\u2019n\u0131n Suriye&#8217;deki kriz konusunda izledi\u011fi \u00e7ifte oyunun bunu net bir \u015fekilde ortaya koydu\u011funu belirtti.<\/p>\n","protected":false},"excerpt":{"rendered":"<p>MOSKOVA \u2013 Rusya Federasyon Konseyinde Uluslararas\u0131 \u0130li\u015fkiler Komitesi Ba\u015fkan\u0131 Konstantin Kosachev T\u00fcrkiye&#8217;deki rejimin, Rusya&#8217;n\u0131n Suriye&#8217;de b\u00f6lge ve t\u00fcm d\u00fcnya halklar\u0131n\u0131 tehdit eden ter\u00f6re kar\u015f\u0131 m\u00fccadelesinin yolunu kesmek i\u00e7in bahane arad\u0131\u011f\u0131n\u0131 belirtti. Kosachev bug\u00fcn yapt\u0131\u011f\u0131 bas\u0131n a\u00e7\u0131klamas\u0131nda; Rusya, ABD ve T\u00fcrkiye&#8217;nin ter\u00f6rle m\u00fccadelede ortak \u00e7abalarda bulunmalar\u0131 gerekti\u011fini ifade ederken, fakat pratikte bunun tersi oldu\u011funu s\u00f6yledi. T\u00fcrkiye &hellip;<\/p>\n","protected":false},"author":1,"featured_media":59601,"comment_status":"closed","ping_status":"closed","sticky":false,"template":"","format":"standard","meta":{"footnotes":""},"categories":[17988,2554,2555],"tags":[18918,18917],"class_list":["post-59598","post","type-post","status-publish","format-standard","has-post-thumbnail","","category-son-haberler","category-suriye-ve-dunya","category-suriye-ve-turkiye","tag-baskani-konstantin-kosachyov","tag-rusya-federasyon-konseyinde-uluslararasi-iliskiler-komitesi-baskani-konstantin"],"_links":{"self":[{"href":"https:\/\/archive.sana.sy\/tr\/index.php?rest_route=\/wp\/v2\/posts\/59598","targetHints":{"allow":["GET"]}}],"collection":[{"href":"https:\/\/archive.sana.sy\/tr\/index.php?rest_route=\/wp\/v2\/posts"}],"about":[{"href":"https:\/\/archive.sana.sy\/tr\/index.php?rest_route=\/wp\/v2\/types\/post"}],"author":[{"embeddable":true,"href":"https:\/\/archive.sana.sy\/tr\/index.php?rest_route=\/wp\/v2\/users\/1"}],"replies":[{"embeddable":true,"href":"https:\/\/archive.sana.sy\/tr\/index.php?rest_route=%2Fwp%2Fv2%2Fcomments&post=59598"}],"version-history":[{"count":0,"href":"https:\/\/archive.sana.sy\/tr\/index.php?rest_route=\/wp\/v2\/posts\/59598\/revisions"}],"wp:featuredmedia":[{"embeddable":true,"href":"https:\/\/archive.sana.sy\/tr\/index.php?rest_route=\/wp\/v2\/media\/59601"}],"wp:attachment":[{"href":"https:\/\/archive.sana.sy\/tr\/index.php?rest_route=%2Fwp%2Fv2%2Fmedia&parent=59598"}],"wp:term":[{"taxonomy":"category","embeddable":true,"href":"https:\/\/archive.sana.sy\/tr\/index.php?rest_route=%2Fwp%2Fv2%2Fcategories&post=59598"},{"taxonomy":"post_tag","embeddable":true,"href":"https:\/\/archive.sana.sy\/tr\/index.php?rest_route=%2Fwp%2Fv2%2Ftags&post=59598"}],"curies":[{"name":"wp","href":"https:\/\/api.w.org\/{rel}","templated":true}]}}