{"id":59603,"date":"2016-01-31T16:00:20","date_gmt":"2016-01-31T14:00:20","guid":{"rendered":"http:\/\/www.sana.sy\/tr\/?p=59603"},"modified":"2016-01-31T15:48:40","modified_gmt":"2016-01-31T13:48:40","slug":"suriye-hukumetinin-bmden-hareket-edecek-siyasi-cozum-amacli-herhangi-bir-uluslararasi-cabaya-husnuniyet-ve-olumlu-yaklasimini-ciddiyet-ve-sorumlulukla-kanitladigini-belirten-caferi-fakat-he","status":"publish","type":"post","link":"https:\/\/archive.sana.sy\/tr\/?p=59603","title":{"rendered":"Suriye h\u00fck\u00fcmetinin BM\u2019den hareket edecek siyasi \u00e7\u00f6z\u00fcm ama\u00e7l\u0131 herhangi bir uluslararas\u0131 \u00e7abaya h\u00fcsn\u00fcniyet ve olumlu yakla\u015f\u0131m\u0131n\u0131 ciddiyet ve sorumlulukla kan\u0131tlad\u0131\u011f\u0131n\u0131 belirten  Caferi; fakat her zaman sorunun kar\u015f\u0131 tarafta \u00e7\u0131kt\u0131\u011f\u0131na dikkat \u00e7ekti."},"content":{"rendered":"<p>Suriye h\u00fck\u00fcmetinin BM\u2019den hareket edecek siyasi \u00e7\u00f6z\u00fcm ama\u00e7l\u0131 herhangi bir uluslararas\u0131 \u00e7abaya h\u00fcsn\u00fcniyet ve olumlu yakla\u015f\u0131m\u0131n\u0131 ciddiyet ve sorumlulukla kan\u0131tlad\u0131\u011f\u0131n\u0131 belirten \u00a0Caferi; fakat her zaman sorunun kar\u015f\u0131 tarafta \u00e7\u0131kt\u0131\u011f\u0131na dikkat \u00e7ekti.<\/p>\n","protected":false},"excerpt":{"rendered":"<p>Suriye h\u00fck\u00fcmetinin BM\u2019den hareket edecek siyasi \u00e7\u00f6z\u00fcm ama\u00e7l\u0131 herhangi bir uluslararas\u0131 \u00e7abaya h\u00fcsn\u00fcniyet ve olumlu yakla\u015f\u0131m\u0131n\u0131 ciddiyet ve sorumlulukla kan\u0131tlad\u0131\u011f\u0131n\u0131 belirten \u00a0Caferi; fakat her zaman sorunun kar\u015f\u0131 tarafta \u00e7\u0131kt\u0131\u011f\u0131na dikkat \u00e7ekti.<\/p>\n","protected":false},"author":1,"featured_media":0,"comment_status":"closed","ping_status":"closed","sticky":false,"template":"","format":"standard","meta":{"footnotes":""},"categories":[17991],"tags":[],"class_list":["post-59603","post","type-post","status-publish","format-standard","","category-son-dakika"],"_links":{"self":[{"href":"https:\/\/archive.sana.sy\/tr\/index.php?rest_route=\/wp\/v2\/posts\/59603","targetHints":{"allow":["GET"]}}],"collection":[{"href":"https:\/\/archive.sana.sy\/tr\/index.php?rest_route=\/wp\/v2\/posts"}],"about":[{"href":"https:\/\/archive.sana.sy\/tr\/index.php?rest_route=\/wp\/v2\/types\/post"}],"author":[{"embeddable":true,"href":"https:\/\/archive.sana.sy\/tr\/index.php?rest_route=\/wp\/v2\/users\/1"}],"replies":[{"embeddable":true,"href":"https:\/\/archive.sana.sy\/tr\/index.php?rest_route=%2Fwp%2Fv2%2Fcomments&post=59603"}],"version-history":[{"count":0,"href":"https:\/\/archive.sana.sy\/tr\/index.php?rest_route=\/wp\/v2\/posts\/59603\/revisions"}],"wp:attachment":[{"href":"https:\/\/archive.sana.sy\/tr\/index.php?rest_route=%2Fwp%2Fv2%2Fmedia&parent=59603"}],"wp:term":[{"taxonomy":"category","embeddable":true,"href":"https:\/\/archive.sana.sy\/tr\/index.php?rest_route=%2Fwp%2Fv2%2Fcategories&post=59603"},{"taxonomy":"post_tag","embeddable":true,"href":"https:\/\/archive.sana.sy\/tr\/index.php?rest_route=%2Fwp%2Fv2%2Ftags&post=59603"}],"curies":[{"name":"wp","href":"https:\/\/api.w.org\/{rel}","templated":true}]}}