{"id":59635,"date":"2016-01-31T17:17:34","date_gmt":"2016-01-31T15:17:34","guid":{"rendered":"http:\/\/www.sana.sy\/tr\/?p=59635"},"modified":"2016-01-31T17:17:48","modified_gmt":"2016-01-31T15:17:48","slug":"disisleri-ve-gurbetciler-bakanligi-bm-genel-sekreteri-ve-guvenlik-konseyi-baskanina-gonderdigi-es-iki-resmi-mektubunda-bugun-sam-kirsali-seyyide-zeyneb-beldesinde-meydana-gelen-bombali-teror-eylemleri","status":"publish","type":"post","link":"https:\/\/archive.sana.sy\/tr\/?p=59635","title":{"rendered":"D\u0131\u015fi\u015fleri ve Gurbet\u00e7iler Bakanl\u0131\u011f\u0131 BM genel sekreteri ve G\u00fcvenlik Konseyi ba\u015fkan\u0131na g\u00f6nderdi\u011fi e\u015f iki resmi mektubunda bug\u00fcn \u015eam k\u0131rsal\u0131 Seyyide Zeyneb Beldesinde meydana gelen bombal\u0131 ter\u00f6r eylemlerine \u0131\u015f\u0131k tuttu"},"content":{"rendered":"<p>D\u0131\u015fi\u015fleri ve Gurbet\u00e7iler Bakanl\u0131\u011f\u0131 BM genel sekreteri ve G\u00fcvenlik Konseyi ba\u015fkan\u0131na g\u00f6nderdi\u011fi e\u015f iki resmi mektubunda bug\u00fcn \u015eam k\u0131rsal\u0131 Seyyide Zeyneb Beldesinde meydana gelen bombal\u0131 ter\u00f6r eylemlerine \u0131\u015f\u0131k tuttu<\/p>\n","protected":false},"excerpt":{"rendered":"<p>D\u0131\u015fi\u015fleri ve Gurbet\u00e7iler Bakanl\u0131\u011f\u0131 BM genel sekreteri ve G\u00fcvenlik Konseyi ba\u015fkan\u0131na g\u00f6nderdi\u011fi e\u015f iki resmi mektubunda bug\u00fcn \u015eam k\u0131rsal\u0131 Seyyide Zeyneb Beldesinde meydana gelen bombal\u0131 ter\u00f6r eylemlerine \u0131\u015f\u0131k tuttu<\/p>\n","protected":false},"author":1,"featured_media":0,"comment_status":"closed","ping_status":"closed","sticky":false,"template":"","format":"standard","meta":{"footnotes":""},"categories":[17991],"tags":[],"class_list":["post-59635","post","type-post","status-publish","format-standard","","category-son-dakika"],"_links":{"self":[{"href":"https:\/\/archive.sana.sy\/tr\/index.php?rest_route=\/wp\/v2\/posts\/59635","targetHints":{"allow":["GET"]}}],"collection":[{"href":"https:\/\/archive.sana.sy\/tr\/index.php?rest_route=\/wp\/v2\/posts"}],"about":[{"href":"https:\/\/archive.sana.sy\/tr\/index.php?rest_route=\/wp\/v2\/types\/post"}],"author":[{"embeddable":true,"href":"https:\/\/archive.sana.sy\/tr\/index.php?rest_route=\/wp\/v2\/users\/1"}],"replies":[{"embeddable":true,"href":"https:\/\/archive.sana.sy\/tr\/index.php?rest_route=%2Fwp%2Fv2%2Fcomments&post=59635"}],"version-history":[{"count":0,"href":"https:\/\/archive.sana.sy\/tr\/index.php?rest_route=\/wp\/v2\/posts\/59635\/revisions"}],"wp:attachment":[{"href":"https:\/\/archive.sana.sy\/tr\/index.php?rest_route=%2Fwp%2Fv2%2Fmedia&parent=59635"}],"wp:term":[{"taxonomy":"category","embeddable":true,"href":"https:\/\/archive.sana.sy\/tr\/index.php?rest_route=%2Fwp%2Fv2%2Fcategories&post=59635"},{"taxonomy":"post_tag","embeddable":true,"href":"https:\/\/archive.sana.sy\/tr\/index.php?rest_route=%2Fwp%2Fv2%2Ftags&post=59635"}],"curies":[{"name":"wp","href":"https:\/\/api.w.org\/{rel}","templated":true}]}}