{"id":59655,"date":"2016-01-31T17:29:29","date_gmt":"2016-01-31T15:29:29","guid":{"rendered":"http:\/\/www.sana.sy\/tr\/?p=59655"},"modified":"2016-02-01T13:29:11","modified_gmt":"2016-02-01T11:29:11","slug":"teror-eylemleri-cenevre-gorusmelerini-baltalamayi-amacliyor","status":"publish","type":"post","link":"https:\/\/archive.sana.sy\/tr\/?p=59655","title":{"rendered":"Ter\u00f6r Eylemleri Cenevre G\u00f6r\u00fc\u015fmelerini Baltalamay\u0131 Ama\u00e7l\u0131yor"},"content":{"rendered":"<p>\u015eAM \u2013 D\u0131\u015fi\u015fleri ve Gurbet\u00e7iler Bakanl\u0131\u011f\u0131 BM genel sekreteri ve G\u00fcvenlik Konseyi ba\u015fkan\u0131na g\u00f6nderdi\u011fi e\u015f iki resmi mektubunda bug\u00fcn \u015eam k\u0131rsal\u0131 Seyyide Zeyneb Beldesinde meydana gelen bombal\u0131 ter\u00f6r eylemlerine \u0131\u015f\u0131k tuttu.<\/p>\n<p>Bakanl\u0131k mektubunda sivil bir b\u00f6lgede meydana gelmesiyle aralar\u0131nda \u00e7ocuk ve kad\u0131nlar\u0131n bulundu\u011fu 45 ki\u015finin \u015fehit, 40\u2019tan fazla ki\u015finin de yaralanmalar\u0131na yol a\u00e7an s\u00f6z konusu bombal\u0131 ter\u00f6r eylemlerinin Cenevre&#8217;de Suriyeliler aras\u0131nda yap\u0131lmas\u0131 kararla\u015ft\u0131r\u0131lan ve BM dahil t\u00fcm uluslararas\u0131 toplumun ba\u015far\u0131s\u0131 i\u00e7in yo\u011fun \u00e7aba harcad\u0131\u011f\u0131 Suriyeliler aras\u0131ndaki diyalog g\u00f6r\u00fc\u015fmelerini sabote etmeyi ama\u00e7lad\u0131\u011f\u0131n\u0131n alt\u0131n\u0131 \u00e7izdi.<\/p>\n<p>Ter\u00f6r eylemlerini ger\u00e7ekle\u015ftiren ter\u00f6ristlerin T\u00fcrkiye, Suudi Arabistan ve Katar rejimleri taraf\u0131ndan desteklendiklerine dikkat \u00e7eken bakanl\u0131k; BM ve G\u00fcvenlik Konseyinin ter\u00f6rle m\u00fccadeleye ili\u015fkin kararlar\u0131n\u0131n hayata ge\u00e7irilmesinde ciddi olunmas\u0131 gere\u011finin bir kez daha ortada oldu\u011funu vurgulad\u0131.<\/p>\n","protected":false},"excerpt":{"rendered":"<p>\u015eAM \u2013 D\u0131\u015fi\u015fleri ve Gurbet\u00e7iler Bakanl\u0131\u011f\u0131 BM genel sekreteri ve G\u00fcvenlik Konseyi ba\u015fkan\u0131na g\u00f6nderdi\u011fi e\u015f iki resmi mektubunda bug\u00fcn \u015eam k\u0131rsal\u0131 Seyyide Zeyneb Beldesinde meydana gelen bombal\u0131 ter\u00f6r eylemlerine \u0131\u015f\u0131k tuttu. Bakanl\u0131k mektubunda sivil bir b\u00f6lgede meydana gelmesiyle aralar\u0131nda \u00e7ocuk ve kad\u0131nlar\u0131n bulundu\u011fu 45 ki\u015finin \u015fehit, 40\u2019tan fazla ki\u015finin de yaralanmalar\u0131na yol a\u00e7an s\u00f6z konusu &hellip;<\/p>\n","protected":false},"author":1,"featured_media":58242,"comment_status":"closed","ping_status":"closed","sticky":false,"template":"","format":"standard","meta":{"footnotes":""},"categories":[479,17988,478],"tags":[18920],"class_list":["post-59655","post","type-post","status-publish","format-standard","has-post-thumbnail","","category-haberler-yerel","category-son-haberler","category-yerel","tag-teror-eylemleri-cenevre-gorusmelerini-baltalamayi-amacliyor"],"_links":{"self":[{"href":"https:\/\/archive.sana.sy\/tr\/index.php?rest_route=\/wp\/v2\/posts\/59655","targetHints":{"allow":["GET"]}}],"collection":[{"href":"https:\/\/archive.sana.sy\/tr\/index.php?rest_route=\/wp\/v2\/posts"}],"about":[{"href":"https:\/\/archive.sana.sy\/tr\/index.php?rest_route=\/wp\/v2\/types\/post"}],"author":[{"embeddable":true,"href":"https:\/\/archive.sana.sy\/tr\/index.php?rest_route=\/wp\/v2\/users\/1"}],"replies":[{"embeddable":true,"href":"https:\/\/archive.sana.sy\/tr\/index.php?rest_route=%2Fwp%2Fv2%2Fcomments&post=59655"}],"version-history":[{"count":0,"href":"https:\/\/archive.sana.sy\/tr\/index.php?rest_route=\/wp\/v2\/posts\/59655\/revisions"}],"wp:featuredmedia":[{"embeddable":true,"href":"https:\/\/archive.sana.sy\/tr\/index.php?rest_route=\/wp\/v2\/media\/58242"}],"wp:attachment":[{"href":"https:\/\/archive.sana.sy\/tr\/index.php?rest_route=%2Fwp%2Fv2%2Fmedia&parent=59655"}],"wp:term":[{"taxonomy":"category","embeddable":true,"href":"https:\/\/archive.sana.sy\/tr\/index.php?rest_route=%2Fwp%2Fv2%2Fcategories&post=59655"},{"taxonomy":"post_tag","embeddable":true,"href":"https:\/\/archive.sana.sy\/tr\/index.php?rest_route=%2Fwp%2Fv2%2Ftags&post=59655"}],"curies":[{"name":"wp","href":"https:\/\/api.w.org\/{rel}","templated":true}]}}