{"id":59674,"date":"2016-01-31T19:45:18","date_gmt":"2016-01-31T17:45:18","guid":{"rendered":"http:\/\/www.sana.sy\/tr\/?p=59674"},"modified":"2016-01-31T19:45:18","modified_gmt":"2016-01-31T17:45:18","slug":"bmde-bir-kaynak-de-misturanin-yarin-pazartesi-gunu-suriye-arap-cumhuriyeti-heyeti-ve-riyad-muhalefeti-heyetiyle-ayri-ayri-gorusecegini-belirtti%e2%80%8f","status":"publish","type":"post","link":"https:\/\/archive.sana.sy\/tr\/?p=59674","title":{"rendered":"BM&#8217;de bir kaynak de Mistura&#8217;n\u0131n yar\u0131n Pazartesi g\u00fcn\u00fc Suriye Arap Cumhuriyeti heyeti ve &#8216;Riyad muhalefeti&#8217; heyetiyle ayr\u0131 ayr\u0131 g\u00f6r\u00fc\u015fece\u011fini belirtti\u200f"},"content":{"rendered":"<p>BM&#8217;de bir kaynak de Mistura&#8217;n\u0131n yar\u0131n Pazartesi g\u00fcn\u00fc Suriye Arap Cumhuriyeti heyeti ve &#8216;Riyad muhalefeti&#8217; heyetiyle ayr\u0131 ayr\u0131 g\u00f6r\u00fc\u015fece\u011fini belirtti\u200f<\/p>\n","protected":false},"excerpt":{"rendered":"<p>BM&#8217;de bir kaynak de Mistura&#8217;n\u0131n yar\u0131n Pazartesi g\u00fcn\u00fc Suriye Arap Cumhuriyeti heyeti ve &#8216;Riyad muhalefeti&#8217; heyetiyle ayr\u0131 ayr\u0131 g\u00f6r\u00fc\u015fece\u011fini belirtti\u200f<\/p>\n","protected":false},"author":1,"featured_media":0,"comment_status":"closed","ping_status":"closed","sticky":false,"template":"","format":"standard","meta":{"footnotes":""},"categories":[17991],"tags":[],"class_list":["post-59674","post","type-post","status-publish","format-standard","","category-son-dakika"],"_links":{"self":[{"href":"https:\/\/archive.sana.sy\/tr\/index.php?rest_route=\/wp\/v2\/posts\/59674","targetHints":{"allow":["GET"]}}],"collection":[{"href":"https:\/\/archive.sana.sy\/tr\/index.php?rest_route=\/wp\/v2\/posts"}],"about":[{"href":"https:\/\/archive.sana.sy\/tr\/index.php?rest_route=\/wp\/v2\/types\/post"}],"author":[{"embeddable":true,"href":"https:\/\/archive.sana.sy\/tr\/index.php?rest_route=\/wp\/v2\/users\/1"}],"replies":[{"embeddable":true,"href":"https:\/\/archive.sana.sy\/tr\/index.php?rest_route=%2Fwp%2Fv2%2Fcomments&post=59674"}],"version-history":[{"count":0,"href":"https:\/\/archive.sana.sy\/tr\/index.php?rest_route=\/wp\/v2\/posts\/59674\/revisions"}],"wp:attachment":[{"href":"https:\/\/archive.sana.sy\/tr\/index.php?rest_route=%2Fwp%2Fv2%2Fmedia&parent=59674"}],"wp:term":[{"taxonomy":"category","embeddable":true,"href":"https:\/\/archive.sana.sy\/tr\/index.php?rest_route=%2Fwp%2Fv2%2Fcategories&post=59674"},{"taxonomy":"post_tag","embeddable":true,"href":"https:\/\/archive.sana.sy\/tr\/index.php?rest_route=%2Fwp%2Fv2%2Ftags&post=59674"}],"curies":[{"name":"wp","href":"https:\/\/api.w.org\/{rel}","templated":true}]}}