{"id":59702,"date":"2016-02-01T12:18:07","date_gmt":"2016-02-01T10:18:07","guid":{"rendered":"http:\/\/www.sana.sy\/tr\/?p=59702"},"modified":"2016-02-01T12:18:07","modified_gmt":"2016-02-01T10:18:07","slug":"bm-kaynaklari-bm-suriye-ozel-temsilcisi-staffan-de-misturanin-cenevrede-suriyeliler-arasindaki-gorusmelerde-suriye-arap-cumhuriyeti-heyeti-ile-saat-12de-olmasi-beklenen-toplantisin","status":"publish","type":"post","link":"https:\/\/archive.sana.sy\/tr\/?p=59702","title":{"rendered":"BM kaynaklar\u0131 BM Suriye \u00f6zel temsilcisi Staffan de Mistura\u2019n\u0131n Cenevre&#8217;de Suriyeliler aras\u0131ndaki g\u00f6r\u00fc\u015fmelerde Suriye Arap Cumhuriyeti heyeti ile saat 12\u2019de olmas\u0131 beklenen toplant\u0131s\u0131n\u0131n ertelendi\u011fini belirtti"},"content":{"rendered":"<p>BM kaynaklar\u0131 BM Suriye \u00f6zel temsilcisi Staffan de Mistura\u2019n\u0131n Cenevre&#8217;de Suriyeliler aras\u0131ndaki g\u00f6r\u00fc\u015fmelerde Suriye Arap Cumhuriyeti heyeti ile saat 12\u2019de olmas\u0131 beklenen toplant\u0131s\u0131n\u0131n ertelendi\u011fini belirtti<\/p>\n","protected":false},"excerpt":{"rendered":"<p>BM kaynaklar\u0131 BM Suriye \u00f6zel temsilcisi Staffan de Mistura\u2019n\u0131n Cenevre&#8217;de Suriyeliler aras\u0131ndaki g\u00f6r\u00fc\u015fmelerde Suriye Arap Cumhuriyeti heyeti ile saat 12\u2019de olmas\u0131 beklenen toplant\u0131s\u0131n\u0131n ertelendi\u011fini belirtti<\/p>\n","protected":false},"author":1,"featured_media":0,"comment_status":"closed","ping_status":"closed","sticky":false,"template":"","format":"standard","meta":{"footnotes":""},"categories":[17991],"tags":[],"class_list":["post-59702","post","type-post","status-publish","format-standard","","category-son-dakika"],"_links":{"self":[{"href":"https:\/\/archive.sana.sy\/tr\/index.php?rest_route=\/wp\/v2\/posts\/59702","targetHints":{"allow":["GET"]}}],"collection":[{"href":"https:\/\/archive.sana.sy\/tr\/index.php?rest_route=\/wp\/v2\/posts"}],"about":[{"href":"https:\/\/archive.sana.sy\/tr\/index.php?rest_route=\/wp\/v2\/types\/post"}],"author":[{"embeddable":true,"href":"https:\/\/archive.sana.sy\/tr\/index.php?rest_route=\/wp\/v2\/users\/1"}],"replies":[{"embeddable":true,"href":"https:\/\/archive.sana.sy\/tr\/index.php?rest_route=%2Fwp%2Fv2%2Fcomments&post=59702"}],"version-history":[{"count":0,"href":"https:\/\/archive.sana.sy\/tr\/index.php?rest_route=\/wp\/v2\/posts\/59702\/revisions"}],"wp:attachment":[{"href":"https:\/\/archive.sana.sy\/tr\/index.php?rest_route=%2Fwp%2Fv2%2Fmedia&parent=59702"}],"wp:term":[{"taxonomy":"category","embeddable":true,"href":"https:\/\/archive.sana.sy\/tr\/index.php?rest_route=%2Fwp%2Fv2%2Fcategories&post=59702"},{"taxonomy":"post_tag","embeddable":true,"href":"https:\/\/archive.sana.sy\/tr\/index.php?rest_route=%2Fwp%2Fv2%2Ftags&post=59702"}],"curies":[{"name":"wp","href":"https:\/\/api.w.org\/{rel}","templated":true}]}}