{"id":59738,"date":"2016-02-01T13:26:32","date_gmt":"2016-02-01T11:26:32","guid":{"rendered":"http:\/\/www.sana.sy\/tr\/?p=59738"},"modified":"2016-02-01T13:26:32","modified_gmt":"2016-02-01T11:26:32","slug":"ihsas-bale-ve-dans-grubu-homs-kultur-merkezinde-sanatseverleri-buyuledi","status":"publish","type":"post","link":"https:\/\/archive.sana.sy\/tr\/?p=59738","title":{"rendered":"\u0130hsas Bale ve Dans Grubu Homs K\u00fclt\u00fcr Merkezinde sanatseverleri b\u00fcy\u00fcledi"},"content":{"rendered":"<p>\u0130hsas Bale ve Dans Grubu Homs K\u00fclt\u00fcr Merkezinde sanatseverleri b\u00fcy\u00fcledi<\/p>\n","protected":false},"excerpt":{"rendered":"<p>\u0130hsas Bale ve Dans Grubu Homs K\u00fclt\u00fcr Merkezinde sanatseverleri b\u00fcy\u00fcledi<\/p>\n","protected":false},"author":1,"featured_media":59741,"comment_status":"closed","ping_status":"closed","sticky":false,"template":"","format":"standard","meta":{"footnotes":""},"categories":[573],"tags":[18928],"class_list":["post-59738","post","type-post","status-publish","format-standard","has-post-thumbnail","","category-goruntulu-olaylar","tag-ihsas-bale-ve-dans-grubu-homs-kultur-merkezinde-sanatseverleri-buyuledi"],"_links":{"self":[{"href":"https:\/\/archive.sana.sy\/tr\/index.php?rest_route=\/wp\/v2\/posts\/59738","targetHints":{"allow":["GET"]}}],"collection":[{"href":"https:\/\/archive.sana.sy\/tr\/index.php?rest_route=\/wp\/v2\/posts"}],"about":[{"href":"https:\/\/archive.sana.sy\/tr\/index.php?rest_route=\/wp\/v2\/types\/post"}],"author":[{"embeddable":true,"href":"https:\/\/archive.sana.sy\/tr\/index.php?rest_route=\/wp\/v2\/users\/1"}],"replies":[{"embeddable":true,"href":"https:\/\/archive.sana.sy\/tr\/index.php?rest_route=%2Fwp%2Fv2%2Fcomments&post=59738"}],"version-history":[{"count":0,"href":"https:\/\/archive.sana.sy\/tr\/index.php?rest_route=\/wp\/v2\/posts\/59738\/revisions"}],"wp:featuredmedia":[{"embeddable":true,"href":"https:\/\/archive.sana.sy\/tr\/index.php?rest_route=\/wp\/v2\/media\/59741"}],"wp:attachment":[{"href":"https:\/\/archive.sana.sy\/tr\/index.php?rest_route=%2Fwp%2Fv2%2Fmedia&parent=59738"}],"wp:term":[{"taxonomy":"category","embeddable":true,"href":"https:\/\/archive.sana.sy\/tr\/index.php?rest_route=%2Fwp%2Fv2%2Fcategories&post=59738"},{"taxonomy":"post_tag","embeddable":true,"href":"https:\/\/archive.sana.sy\/tr\/index.php?rest_route=%2Fwp%2Fv2%2Ftags&post=59738"}],"curies":[{"name":"wp","href":"https:\/\/api.w.org\/{rel}","templated":true}]}}