{"id":59747,"date":"2016-02-01T13:10:30","date_gmt":"2016-02-01T11:10:30","guid":{"rendered":"http:\/\/www.sana.sy\/tr\/?p=59747"},"modified":"2016-02-01T21:04:47","modified_gmt":"2016-02-01T19:04:47","slug":"konut-taksitlerini-geciktirenlere-af-karari-onaylandi","status":"publish","type":"post","link":"https:\/\/archive.sana.sy\/tr\/?p=59747","title":{"rendered":"Konut Taksitlerini Geciktirenlere Af Karar\u0131 Onayland\u0131"},"content":{"rendered":"<p>\u015eAM \u2013 Cumhurba\u015fkan\u0131 Be\u015f\u015far el Esad bug\u00fcn \u0130skan Kamu Kurumunda kay\u0131tl\u0131 \u00fcyelerin konut taksitlerini geciktirme faiz ve cezalar\u0131ndan muaf tutulmalar\u0131n\u0131 \u00f6ng\u00f6ren 2016\/7 say\u0131l\u0131 yasama karar\u0131n\u0131 onaylad\u0131.<\/p>\n<p>Yasama karar\u0131nda \u00fcyelerin af karar\u0131ndan faydalanmalar\u0131 i\u00e7in karar\u0131n y\u00fcr\u00fcrl\u00fcl\u00fck s\u00fcresi i\u00e7inde en az bir taksit \u00f6demede bulunmalar\u0131n\u0131 ko\u015ful k\u0131l\u0131nd\u0131.<\/p>\n<p>R.H.<\/p>\n","protected":false},"excerpt":{"rendered":"<p>\u015eAM \u2013 Cumhurba\u015fkan\u0131 Be\u015f\u015far el Esad bug\u00fcn \u0130skan Kamu Kurumunda kay\u0131tl\u0131 \u00fcyelerin konut taksitlerini geciktirme faiz ve cezalar\u0131ndan muaf tutulmalar\u0131n\u0131 \u00f6ng\u00f6ren 2016\/7 say\u0131l\u0131 yasama karar\u0131n\u0131 onaylad\u0131. Yasama karar\u0131nda \u00fcyelerin af karar\u0131ndan faydalanmalar\u0131 i\u00e7in karar\u0131n y\u00fcr\u00fcrl\u00fcl\u00fck s\u00fcresi i\u00e7inde en az bir taksit \u00f6demede bulunmalar\u0131n\u0131 ko\u015ful k\u0131l\u0131nd\u0131. R.H.<\/p>\n","protected":false},"author":1,"featured_media":59748,"comment_status":"closed","ping_status":"closed","sticky":false,"template":"","format":"standard","meta":{"footnotes":""},"categories":[485,486,605,17988,612,599],"tags":[17256,18931,16714],"class_list":["post-59747","post","type-post","status-publish","format-standard","has-post-thumbnail","","category-is-ve-sermaye","category-haberler-is-ve-sermaye","category-sayin-cumhurbaskani","category-son-haberler","category-yasama-kararnameler","category-yasama-ve-kanunlar","tag-bessar-el-esad","tag-konut-taksitlerini-geciktirenlere-af-karari-onaylandi","tag-yasama-karari"],"_links":{"self":[{"href":"https:\/\/archive.sana.sy\/tr\/index.php?rest_route=\/wp\/v2\/posts\/59747","targetHints":{"allow":["GET"]}}],"collection":[{"href":"https:\/\/archive.sana.sy\/tr\/index.php?rest_route=\/wp\/v2\/posts"}],"about":[{"href":"https:\/\/archive.sana.sy\/tr\/index.php?rest_route=\/wp\/v2\/types\/post"}],"author":[{"embeddable":true,"href":"https:\/\/archive.sana.sy\/tr\/index.php?rest_route=\/wp\/v2\/users\/1"}],"replies":[{"embeddable":true,"href":"https:\/\/archive.sana.sy\/tr\/index.php?rest_route=%2Fwp%2Fv2%2Fcomments&post=59747"}],"version-history":[{"count":0,"href":"https:\/\/archive.sana.sy\/tr\/index.php?rest_route=\/wp\/v2\/posts\/59747\/revisions"}],"wp:featuredmedia":[{"embeddable":true,"href":"https:\/\/archive.sana.sy\/tr\/index.php?rest_route=\/wp\/v2\/media\/59748"}],"wp:attachment":[{"href":"https:\/\/archive.sana.sy\/tr\/index.php?rest_route=%2Fwp%2Fv2%2Fmedia&parent=59747"}],"wp:term":[{"taxonomy":"category","embeddable":true,"href":"https:\/\/archive.sana.sy\/tr\/index.php?rest_route=%2Fwp%2Fv2%2Fcategories&post=59747"},{"taxonomy":"post_tag","embeddable":true,"href":"https:\/\/archive.sana.sy\/tr\/index.php?rest_route=%2Fwp%2Fv2%2Ftags&post=59747"}],"curies":[{"name":"wp","href":"https:\/\/api.w.org\/{rel}","templated":true}]}}