{"id":59750,"date":"2016-02-01T13:47:52","date_gmt":"2016-02-01T11:47:52","guid":{"rendered":"http:\/\/www.sana.sy\/tr\/?p=59750"},"modified":"2016-02-02T20:16:38","modified_gmt":"2016-02-02T18:16:38","slug":"tum-meseleleri-gorusecekler","status":"publish","type":"post","link":"https:\/\/archive.sana.sy\/tr\/?p=59750","title":{"rendered":"Svillere Geli\u015fig\u00fczel Sald\u0131r\u0131larda Bulunan \u00d6rg\u00fct\u00fcn Cenevre G\u00f6r\u00fc\u015fmelerinde Yeri Olmamal\u0131"},"content":{"rendered":"<p>CENEVRE \u2013 Rusya D\u0131\u015fi\u015fleri Bakan\u0131 Yard\u0131mc\u0131s\u0131 Gennady Gatilov Ba\u015fkent \u015eam ve k\u0131rsal\u0131nda savunmas\u0131z sivil insanlar\u0131 geli\u015fig\u00fczel f\u00fcze ve roketlerle hedef alan \u2018\u0130slam Ordusu\u2019nun bir ter\u00f6r \u00f6rg\u00fct\u00fc oldu\u011funu bir kez daha vurgulad\u0131.<\/p>\n<p>BM genel sekreterinin Suriye \u00f6zel temsilcisi Staffan de Mistura ve Cenevre&#8217;de bulunan ABD heyeti ile Suriyeliler aras\u0131ndaki g\u00f6r\u00fc\u015fmelerin seyrini g\u00f6r\u00fc\u015fmek \u00fczere gitti\u011fi Cenevre&#8217;ye ula\u015fmas\u0131 ard\u0131ndan bas\u0131na a\u00e7\u0131klama yapan Gatilov; sivil b\u00f6lgelere geli\u015fig\u00fczel sald\u0131r\u0131larda bulunan ve \u00e7ok say\u0131da savunmas\u0131z sivil insan\u0131n ya\u015fam\u0131n\u0131 yitirmesine yol a\u00e7an bu \u00f6rg\u00fct\u00fcn Cenevre\u2019de Suriyeliler aras\u0131nda BM denetimi alt\u0131nda yap\u0131lan g\u00f6r\u00fc\u015fmelerde muhalefet heyetinde yeri olmad\u0131\u011f\u0131n\u0131 s\u00f6yledi. Gatilov fakat sonu\u00e7 itibar\u0131yla bu konuda karar verecek taraf\u0131n de Mistura oldu\u011funu ifade ederken; Rusya&#8217;n\u0131n Cenevre&#8217;de Suriyeliler aras\u0131nda yap\u0131lan g\u00f6r\u00fc\u015fmelerin Suriye&#8217;deki krizin siyasi s\u00fcrecinde bir ilerleme kaydetmesi umudunda oldu\u011funu belirtti.<\/p>\n<p><span style=\"color: #0000ff\">G\u00f6r\u00fc\u015fmelerin Seyrine \u0130li\u015fkin T\u00fcm Meseleleri G\u00f6r\u00fc\u015fecek<\/span><\/p>\n<p>Bu arada\u00a0Rusya D\u0131\u015fi\u015fleri Bakan\u0131 Yard\u0131mc\u0131s\u0131 Gatilov bug\u00fcn erken saatlerde yapt\u0131\u011f\u0131 a\u00e7\u0131klamada BM Suriye \u00f6zel temsilcisi Staffan de Mistura ve ABD\u2019nin Cenevre&#8217;deki heyeti ile Suriyeliler aras\u0131ndaki diaylog g\u00f6r\u00fc\u015fmelerinin seyrini masaya yat\u0131raca\u011f\u0131n\u0131 a\u00e7\u0131klam\u0131\u015ft\u0131.<\/p>\n<p>Rus Sputnik Ajans\u0131n\u0131n aktard\u0131\u011f\u0131 a\u00e7\u0131klamalar\u0131nda Gatilov toplant\u0131larda taraflar\u0131n Cenevre&#8217;de Suriye Arap Cumhuriyeti heyeti ile \u2018muhalefet\u2019 heyeti aras\u0131ndaki g\u00f6r\u00fc\u015fmelere ili\u015fkin t\u00fcm meseleleri de\u011ferlendireceklerini belirtti.<\/p>\n","protected":false},"excerpt":{"rendered":"<p>CENEVRE \u2013 Rusya D\u0131\u015fi\u015fleri Bakan\u0131 Yard\u0131mc\u0131s\u0131 Gennady Gatilov Ba\u015fkent \u015eam ve k\u0131rsal\u0131nda savunmas\u0131z sivil insanlar\u0131 geli\u015fig\u00fczel f\u00fcze ve roketlerle hedef alan \u2018\u0130slam Ordusu\u2019nun bir ter\u00f6r \u00f6rg\u00fct\u00fc oldu\u011funu bir kez daha vurgulad\u0131. BM genel sekreterinin Suriye \u00f6zel temsilcisi Staffan de Mistura ve Cenevre&#8217;de bulunan ABD heyeti ile Suriyeliler aras\u0131ndaki g\u00f6r\u00fc\u015fmelerin seyrini g\u00f6r\u00fc\u015fmek \u00fczere gitti\u011fi Cenevre&#8217;ye ula\u015fmas\u0131 &hellip;<\/p>\n","protected":false},"author":1,"featured_media":59752,"comment_status":"closed","ping_status":"closed","sticky":false,"template":"","format":"standard","meta":{"footnotes":""},"categories":[458,459,17988],"tags":[18473,18711,16858],"class_list":["post-59750","post","type-post","status-publish","format-standard","has-post-thumbnail","","category-dunya1","category-haberler-arap-uluslararasi-politika","category-son-haberler","tag-cenevre-gorusmeleri","tag-gennady-gatilov","tag-rusya-disisleri-bakani-yardimcisi-gennady-gatilov"],"_links":{"self":[{"href":"https:\/\/archive.sana.sy\/tr\/index.php?rest_route=\/wp\/v2\/posts\/59750","targetHints":{"allow":["GET"]}}],"collection":[{"href":"https:\/\/archive.sana.sy\/tr\/index.php?rest_route=\/wp\/v2\/posts"}],"about":[{"href":"https:\/\/archive.sana.sy\/tr\/index.php?rest_route=\/wp\/v2\/types\/post"}],"author":[{"embeddable":true,"href":"https:\/\/archive.sana.sy\/tr\/index.php?rest_route=\/wp\/v2\/users\/1"}],"replies":[{"embeddable":true,"href":"https:\/\/archive.sana.sy\/tr\/index.php?rest_route=%2Fwp%2Fv2%2Fcomments&post=59750"}],"version-history":[{"count":0,"href":"https:\/\/archive.sana.sy\/tr\/index.php?rest_route=\/wp\/v2\/posts\/59750\/revisions"}],"wp:featuredmedia":[{"embeddable":true,"href":"https:\/\/archive.sana.sy\/tr\/index.php?rest_route=\/wp\/v2\/media\/59752"}],"wp:attachment":[{"href":"https:\/\/archive.sana.sy\/tr\/index.php?rest_route=%2Fwp%2Fv2%2Fmedia&parent=59750"}],"wp:term":[{"taxonomy":"category","embeddable":true,"href":"https:\/\/archive.sana.sy\/tr\/index.php?rest_route=%2Fwp%2Fv2%2Fcategories&post=59750"},{"taxonomy":"post_tag","embeddable":true,"href":"https:\/\/archive.sana.sy\/tr\/index.php?rest_route=%2Fwp%2Fv2%2Ftags&post=59750"}],"curies":[{"name":"wp","href":"https:\/\/api.w.org\/{rel}","templated":true}]}}