{"id":59760,"date":"2016-02-01T12:27:17","date_gmt":"2016-02-01T10:27:17","guid":{"rendered":"http:\/\/www.sana.sy\/tr\/?p=59760"},"modified":"2016-02-01T14:39:53","modified_gmt":"2016-02-01T12:39:53","slug":"gundeminde-suriyedeki-durum-ve-petrol-piyasasi","status":"publish","type":"post","link":"https:\/\/archive.sana.sy\/tr\/?p=59760","title":{"rendered":"G\u00fcndeminde Suriye&#8217;deki Durum ve Petrol Piyasas\u0131"},"content":{"rendered":"<p>MOSKOVA \u2013 Rusya D\u0131\u015fi\u015fleri Bakan\u0131 Sergey Lavrov Birle\u015fik Arap Emirlikleri ve Umman Sultanl\u0131\u011f\u0131n\u0131 kapsayan k\u0131sa Ortado\u011fu i\u015f gezisine ba\u015flad\u0131.<\/p>\n<p>Rusya D\u0131\u015fi\u015fleri bakanl\u0131\u011f\u0131 resmi s\u00f6zc\u00fcs\u00fc Maria Zakharova Sputnik Ajans\u0131n\u0131n aktard\u0131\u011f\u0131 a\u00e7\u0131klamalar\u0131nda Lavrov\u2019un \u00fc\u00e7 g\u00fcn s\u00fcrecek s\u00f6z konusu i\u015f turunda \u00fcst d\u00fczey yetkililerle \u00f6zellile Suriye&#8217;deki geli\u015fmeler olmak \u00fczere Ortado\u011fu g\u00fcndeminin yan\u0131 s\u0131ra iki \u00fclke aras\u0131ndaki ekonomik ve siyasi ili\u015fkileri masaya yat\u0131raca\u011f\u0131n\u0131 ifade etti. Zakharova g\u00f6r\u00fc\u015fmelerde petrol piyasas\u0131ndaki de\u011fi\u015fimler ve kontrol\u00fcne ili\u015fkin temaslar\u0131n da olaca\u011f\u0131n\u0131 a\u00e7\u0131klad\u0131.<\/p>\n<p>Bu arada Rusya D\u0131\u015fi\u015fleri Bakanl\u0131\u011f\u0131 yay\u0131nlad\u0131\u011f\u0131 beyanda Birle\u015fik Arap Emirlikleri ve Umman Sultanl\u0131\u011f\u0131n\u0131n uluslar aras\u0131 platformlarda Rusya&#8217;n\u0131n tutum ve yakla\u015f\u0131mlar\u0131na b\u00fcy\u00fck bir ilgi g\u00f6sterdiklerine dikkat \u00e7ekti.<\/p>\n","protected":false},"excerpt":{"rendered":"<p>MOSKOVA \u2013 Rusya D\u0131\u015fi\u015fleri Bakan\u0131 Sergey Lavrov Birle\u015fik Arap Emirlikleri ve Umman Sultanl\u0131\u011f\u0131n\u0131 kapsayan k\u0131sa Ortado\u011fu i\u015f gezisine ba\u015flad\u0131. Rusya D\u0131\u015fi\u015fleri bakanl\u0131\u011f\u0131 resmi s\u00f6zc\u00fcs\u00fc Maria Zakharova Sputnik Ajans\u0131n\u0131n aktard\u0131\u011f\u0131 a\u00e7\u0131klamalar\u0131nda Lavrov\u2019un \u00fc\u00e7 g\u00fcn s\u00fcrecek s\u00f6z konusu i\u015f turunda \u00fcst d\u00fczey yetkililerle \u00f6zellile Suriye&#8217;deki geli\u015fmeler olmak \u00fczere Ortado\u011fu g\u00fcndeminin yan\u0131 s\u0131ra iki \u00fclke aras\u0131ndaki ekonomik ve &hellip;<\/p>\n","protected":false},"author":1,"featured_media":59764,"comment_status":"closed","ping_status":"closed","sticky":false,"template":"","format":"standard","meta":{"footnotes":""},"categories":[458,459,17988],"tags":[3846],"class_list":["post-59760","post","type-post","status-publish","format-standard","has-post-thumbnail","","category-dunya1","category-haberler-arap-uluslararasi-politika","category-son-haberler","tag-sergey-lavrov"],"_links":{"self":[{"href":"https:\/\/archive.sana.sy\/tr\/index.php?rest_route=\/wp\/v2\/posts\/59760","targetHints":{"allow":["GET"]}}],"collection":[{"href":"https:\/\/archive.sana.sy\/tr\/index.php?rest_route=\/wp\/v2\/posts"}],"about":[{"href":"https:\/\/archive.sana.sy\/tr\/index.php?rest_route=\/wp\/v2\/types\/post"}],"author":[{"embeddable":true,"href":"https:\/\/archive.sana.sy\/tr\/index.php?rest_route=\/wp\/v2\/users\/1"}],"replies":[{"embeddable":true,"href":"https:\/\/archive.sana.sy\/tr\/index.php?rest_route=%2Fwp%2Fv2%2Fcomments&post=59760"}],"version-history":[{"count":0,"href":"https:\/\/archive.sana.sy\/tr\/index.php?rest_route=\/wp\/v2\/posts\/59760\/revisions"}],"wp:featuredmedia":[{"embeddable":true,"href":"https:\/\/archive.sana.sy\/tr\/index.php?rest_route=\/wp\/v2\/media\/59764"}],"wp:attachment":[{"href":"https:\/\/archive.sana.sy\/tr\/index.php?rest_route=%2Fwp%2Fv2%2Fmedia&parent=59760"}],"wp:term":[{"taxonomy":"category","embeddable":true,"href":"https:\/\/archive.sana.sy\/tr\/index.php?rest_route=%2Fwp%2Fv2%2Fcategories&post=59760"},{"taxonomy":"post_tag","embeddable":true,"href":"https:\/\/archive.sana.sy\/tr\/index.php?rest_route=%2Fwp%2Fv2%2Ftags&post=59760"}],"curies":[{"name":"wp","href":"https:\/\/api.w.org\/{rel}","templated":true}]}}