{"id":59763,"date":"2016-02-01T14:51:03","date_gmt":"2016-02-01T12:51:03","guid":{"rendered":"http:\/\/www.sana.sy\/tr\/?p=59763"},"modified":"2016-02-01T14:51:18","modified_gmt":"2016-02-01T12:51:18","slug":"aralarinda-bir-komutanin-bulunuyor","status":"publish","type":"post","link":"https:\/\/archive.sana.sy\/tr\/?p=59763","title":{"rendered":"Aralar\u0131nda Bir Saha Komutan\u0131 Bulunuyor"},"content":{"rendered":"<p>\u015eAM KIRSALI \u2013 Ba\u015fkent \u015eam\u2019\u0131n g\u00fcneybat\u0131s\u0131 Dareyya Kasabas\u0131nda faaliyet g\u00f6steren tekfirci ter\u00f6ristler medya ara\u00e7lar\u0131nda \u2018\u0130slam \u015eehitleri T\u00fcmeni\u2019 adl\u0131 ter\u00f6r \u00f6rg\u00fct\u00fcne tabi olan ve aralar\u0131nda tehlikeli bir saha komutan\u0131n\u0131n bulundu\u011fu 5 ter\u00f6ristin \u00f6ld\u00fc\u011f\u00fcn\u00fc itiraf etti.<\/p>\n<p>Tekfirci ter\u00f6ristler medya ara\u00e7lar\u0131nda \u00f6len ter\u00f6ristlerinin kimliklerini a\u00e7\u0131klarken, aralar\u0131nda bariz saha komutanlar\u0131ndan Muhammed Ebu Enes\u2019in bulundu\u011funa dikkat \u00e7ekti.<\/p>\n","protected":false},"excerpt":{"rendered":"<p>\u015eAM KIRSALI \u2013 Ba\u015fkent \u015eam\u2019\u0131n g\u00fcneybat\u0131s\u0131 Dareyya Kasabas\u0131nda faaliyet g\u00f6steren tekfirci ter\u00f6ristler medya ara\u00e7lar\u0131nda \u2018\u0130slam \u015eehitleri T\u00fcmeni\u2019 adl\u0131 ter\u00f6r \u00f6rg\u00fct\u00fcne tabi olan ve aralar\u0131nda tehlikeli bir saha komutan\u0131n\u0131n bulundu\u011fu 5 ter\u00f6ristin \u00f6ld\u00fc\u011f\u00fcn\u00fc itiraf etti. Tekfirci ter\u00f6ristler medya ara\u00e7lar\u0131nda \u00f6len ter\u00f6ristlerinin kimliklerini a\u00e7\u0131klarken, aralar\u0131nda bariz saha komutanlar\u0131ndan Muhammed Ebu Enes\u2019in bulundu\u011funa dikkat \u00e7ekti.<\/p>\n","protected":false},"author":1,"featured_media":59766,"comment_status":"closed","ping_status":"closed","sticky":false,"template":"","format":"standard","meta":{"footnotes":""},"categories":[575],"tags":[18937,18237,18347,18938,18674,17320,18939],"class_list":["post-59763","post","type-post","status-publish","format-standard","has-post-thumbnail","","category-olaylar-ve-gercekler","tag-aralarinda-bir-komutanin-bulunuyor","tag-cihatcilar","tag-oso","tag-saha-komutani","tag-silahli-muhalifler","tag-tekfirciler","tag-teror-elebasi"],"_links":{"self":[{"href":"https:\/\/archive.sana.sy\/tr\/index.php?rest_route=\/wp\/v2\/posts\/59763","targetHints":{"allow":["GET"]}}],"collection":[{"href":"https:\/\/archive.sana.sy\/tr\/index.php?rest_route=\/wp\/v2\/posts"}],"about":[{"href":"https:\/\/archive.sana.sy\/tr\/index.php?rest_route=\/wp\/v2\/types\/post"}],"author":[{"embeddable":true,"href":"https:\/\/archive.sana.sy\/tr\/index.php?rest_route=\/wp\/v2\/users\/1"}],"replies":[{"embeddable":true,"href":"https:\/\/archive.sana.sy\/tr\/index.php?rest_route=%2Fwp%2Fv2%2Fcomments&post=59763"}],"version-history":[{"count":0,"href":"https:\/\/archive.sana.sy\/tr\/index.php?rest_route=\/wp\/v2\/posts\/59763\/revisions"}],"wp:featuredmedia":[{"embeddable":true,"href":"https:\/\/archive.sana.sy\/tr\/index.php?rest_route=\/wp\/v2\/media\/59766"}],"wp:attachment":[{"href":"https:\/\/archive.sana.sy\/tr\/index.php?rest_route=%2Fwp%2Fv2%2Fmedia&parent=59763"}],"wp:term":[{"taxonomy":"category","embeddable":true,"href":"https:\/\/archive.sana.sy\/tr\/index.php?rest_route=%2Fwp%2Fv2%2Fcategories&post=59763"},{"taxonomy":"post_tag","embeddable":true,"href":"https:\/\/archive.sana.sy\/tr\/index.php?rest_route=%2Fwp%2Fv2%2Ftags&post=59763"}],"curies":[{"name":"wp","href":"https:\/\/api.w.org\/{rel}","templated":true}]}}