{"id":59769,"date":"2016-02-01T12:30:12","date_gmt":"2016-02-01T10:30:12","guid":{"rendered":"http:\/\/www.sana.sy\/tr\/?p=59769"},"modified":"2016-02-01T14:57:37","modified_gmt":"2016-02-01T12:57:37","slug":"ordu-birliklerimiz-halep-kirsalinin-kuzeyinde-dveyr-el-zeytun-koyunde-erdogan-rejimine-tabi-tekfirci-teroristleri-yok-etmeleri-ardindan-koy-ve-halkinin-guvenligini-kontrolune-gecirdiler","status":"publish","type":"post","link":"https:\/\/archive.sana.sy\/tr\/?p=59769","title":{"rendered":"Ordu birliklerimiz Halep k\u0131rsal\u0131n\u0131n kuzeyinde Dveyr el Zeytun K\u00f6y\u00fcnde Erdo\u011fan rejimine tabi tekfirci ter\u00f6ristleri yok etmeleri ard\u0131ndan k\u00f6y ve halk\u0131n\u0131n g\u00fcvenli\u011fini kontrol\u00fcne ge\u00e7irdiler"},"content":{"rendered":"<p>Ordu birliklerimiz Halep k\u0131rsal\u0131n\u0131n kuzeyinde Dveyr el Zeytun K\u00f6y\u00fcnde Erdo\u011fan rejimine tabi tekfirci ter\u00f6ristleri yok etmeleri ard\u0131ndan k\u00f6y ve halk\u0131n\u0131n g\u00fcvenli\u011fini kontrol\u00fcne ge\u00e7irdiler<\/p>\n","protected":false},"excerpt":{"rendered":"<p>Ordu birliklerimiz Halep k\u0131rsal\u0131n\u0131n kuzeyinde Dveyr el Zeytun K\u00f6y\u00fcnde Erdo\u011fan rejimine tabi tekfirci ter\u00f6ristleri yok etmeleri ard\u0131ndan k\u00f6y ve halk\u0131n\u0131n g\u00fcvenli\u011fini kontrol\u00fcne ge\u00e7irdiler<\/p>\n","protected":false},"author":1,"featured_media":0,"comment_status":"closed","ping_status":"closed","sticky":false,"template":"","format":"standard","meta":{"footnotes":""},"categories":[17991],"tags":[],"class_list":["post-59769","post","type-post","status-publish","format-standard","","category-son-dakika"],"_links":{"self":[{"href":"https:\/\/archive.sana.sy\/tr\/index.php?rest_route=\/wp\/v2\/posts\/59769","targetHints":{"allow":["GET"]}}],"collection":[{"href":"https:\/\/archive.sana.sy\/tr\/index.php?rest_route=\/wp\/v2\/posts"}],"about":[{"href":"https:\/\/archive.sana.sy\/tr\/index.php?rest_route=\/wp\/v2\/types\/post"}],"author":[{"embeddable":true,"href":"https:\/\/archive.sana.sy\/tr\/index.php?rest_route=\/wp\/v2\/users\/1"}],"replies":[{"embeddable":true,"href":"https:\/\/archive.sana.sy\/tr\/index.php?rest_route=%2Fwp%2Fv2%2Fcomments&post=59769"}],"version-history":[{"count":0,"href":"https:\/\/archive.sana.sy\/tr\/index.php?rest_route=\/wp\/v2\/posts\/59769\/revisions"}],"wp:attachment":[{"href":"https:\/\/archive.sana.sy\/tr\/index.php?rest_route=%2Fwp%2Fv2%2Fmedia&parent=59769"}],"wp:term":[{"taxonomy":"category","embeddable":true,"href":"https:\/\/archive.sana.sy\/tr\/index.php?rest_route=%2Fwp%2Fv2%2Fcategories&post=59769"},{"taxonomy":"post_tag","embeddable":true,"href":"https:\/\/archive.sana.sy\/tr\/index.php?rest_route=%2Fwp%2Fv2%2Ftags&post=59769"}],"curies":[{"name":"wp","href":"https:\/\/api.w.org\/{rel}","templated":true}]}}