{"id":5977,"date":"2014-07-27T15:06:17","date_gmt":"2014-07-27T12:06:17","guid":{"rendered":"http:\/\/www.sana.sy\/tr\/?p=5977"},"modified":"2014-07-27T15:06:17","modified_gmt":"2014-07-27T12:06:17","slug":"homs-valiliginde-yetkili-bir-kaynak-homs-kentinin-el-ermen-semtinin-ana-caddesinde-bombali-eylemin-meydana-geldigini-belirterek-ilk-verilere-gore-hain-eylemde-sehit-ve-yaralilarin-bulundugunu-aciklad","status":"publish","type":"post","link":"https:\/\/archive.sana.sy\/tr\/?p=5977","title":{"rendered":"Homs Valili\u011finde yetkili bir kaynak Homs Kentinin el Ermen Semtinin ana caddesinde bombal\u0131 eylemin meydana geldi\u011fini belirterek, ilk verilere g\u00f6re hain eylemde \u015fehit ve yaral\u0131lar\u0131n bulundu\u011funu a\u00e7\u0131klad\u0131."},"content":{"rendered":"<p>Homs Valili\u011finde yetkili bir kaynak Homs Kentinin el Ermen Semtinin ana caddesinde bombal\u0131 eylemin meydana geldi\u011fini belirterek, ilk verilere g\u00f6re hain eylemde \u015fehit ve yaral\u0131lar\u0131n bulundu\u011funu a\u00e7\u0131klad\u0131.<\/p>\n","protected":false},"excerpt":{"rendered":"<p>Homs Valili\u011finde yetkili bir kaynak Homs Kentinin el Ermen Semtinin ana caddesinde bombal\u0131 eylemin meydana geldi\u011fini belirterek, ilk verilere g\u00f6re hain eylemde \u015fehit ve yaral\u0131lar\u0131n bulundu\u011funu a\u00e7\u0131klad\u0131.<\/p>\n","protected":false},"author":1,"featured_media":0,"comment_status":"closed","ping_status":"closed","sticky":false,"template":"","format":"standard","meta":{"footnotes":""},"categories":[575],"tags":[1319,1320],"class_list":["post-5977","post","type-post","status-publish","format-standard","","category-olaylar-ve-gercekler","tag-homs-valiliginde-yetkili-bir-kaynak-homs-kentinin-el-ermen-semtinin-ana-caddesinde-bombali-eylemin-meydana-geldigini-belirterek","tag-ilk-verilere-gore-hain-eylemde-sehit-ve-yaralilarin-bulundugunu-acikladi"],"_links":{"self":[{"href":"https:\/\/archive.sana.sy\/tr\/index.php?rest_route=\/wp\/v2\/posts\/5977","targetHints":{"allow":["GET"]}}],"collection":[{"href":"https:\/\/archive.sana.sy\/tr\/index.php?rest_route=\/wp\/v2\/posts"}],"about":[{"href":"https:\/\/archive.sana.sy\/tr\/index.php?rest_route=\/wp\/v2\/types\/post"}],"author":[{"embeddable":true,"href":"https:\/\/archive.sana.sy\/tr\/index.php?rest_route=\/wp\/v2\/users\/1"}],"replies":[{"embeddable":true,"href":"https:\/\/archive.sana.sy\/tr\/index.php?rest_route=%2Fwp%2Fv2%2Fcomments&post=5977"}],"version-history":[{"count":0,"href":"https:\/\/archive.sana.sy\/tr\/index.php?rest_route=\/wp\/v2\/posts\/5977\/revisions"}],"wp:attachment":[{"href":"https:\/\/archive.sana.sy\/tr\/index.php?rest_route=%2Fwp%2Fv2%2Fmedia&parent=5977"}],"wp:term":[{"taxonomy":"category","embeddable":true,"href":"https:\/\/archive.sana.sy\/tr\/index.php?rest_route=%2Fwp%2Fv2%2Fcategories&post=5977"},{"taxonomy":"post_tag","embeddable":true,"href":"https:\/\/archive.sana.sy\/tr\/index.php?rest_route=%2Fwp%2Fv2%2Ftags&post=5977"}],"curies":[{"name":"wp","href":"https:\/\/api.w.org\/{rel}","templated":true}]}}