{"id":59782,"date":"2016-02-01T13:26:49","date_gmt":"2016-02-01T11:26:49","guid":{"rendered":"http:\/\/www.sana.sy\/tr\/?p=59782"},"modified":"2016-02-08T15:59:04","modified_gmt":"2016-02-08T13:59:04","slug":"once-riyad-muhalefeti-heyetiyle-bulusmak-icin-gorusme-ertelendi","status":"publish","type":"post","link":"https:\/\/archive.sana.sy\/tr\/?p=59782","title":{"rendered":"\u00d6nce \u2018Riyad Muhalefeti\u2019 Heyetiyle Bulu\u015fmak \u0130\u00e7in G\u00f6r\u00fc\u015fme Ertelendi"},"content":{"rendered":"<p>CENEVRE \u2013 BM genel sekreterinin Suriye \u00f6zel temsilcisi Staffan de Mistura\u2019n\u0131n resmi s\u00f6zc\u00fcs\u00fc Havla Matar; de Mistura ile Suriye Arap Cumhuriyeti heyeti aras\u0131nda bug\u00fcn yap\u0131lmas\u0131 beklenen toplant\u0131n\u0131n ertelendi\u011fini ilan etti.<\/p>\n<p>Matar yay\u0131nlad\u0131\u011f\u0131 bas\u0131n bildirisinde; de Mistura\u2019n\u0131n Suriye Arap Cumhuriyeti heyeti ile tekrar g\u00f6r\u00fc\u015fmeden \u00f6nce \u2018Riyad muhalefeti\u2019 heyeti ile bir araya gelmek istedi\u011fini a\u00e7\u0131klad\u0131. Matar \u2018Riyad heyeti\u2019 ile de Mistura aras\u0131ndaki g\u00f6r\u00fc\u015fmenin belirlenen saatte bu ak\u015fam BM binas\u0131nda olaca\u011f\u0131n\u0131 ifade etti.<\/p>\n<p>Ge\u00e7en Cuma g\u00fcn\u00fc Suriye Arap Cumhuriyeti heyeti ile Cenevre&#8217;deki BM binas\u0131nda resmi bir g\u00f6r\u00fc\u015fmede bulunan de Mistura, Cenevre&#8217;ye Suudi bir kargo u\u00e7a\u011f\u0131yla ge\u00e7 giden \u2018Riyad muhalefeti\u2019 heyetini dolayl\u0131 diyalog g\u00f6r\u00fc\u015fmelerine kat\u0131lmalar\u0131na ikna etme amac\u0131yla d\u00fcn bir otelde gayr\u0131 resmi bir \u015fekilde g\u00f6r\u00fc\u015fm\u00fc\u015ft\u00fc.<\/p>\n","protected":false},"excerpt":{"rendered":"<p>CENEVRE \u2013 BM genel sekreterinin Suriye \u00f6zel temsilcisi Staffan de Mistura\u2019n\u0131n resmi s\u00f6zc\u00fcs\u00fc Havla Matar; de Mistura ile Suriye Arap Cumhuriyeti heyeti aras\u0131nda bug\u00fcn yap\u0131lmas\u0131 beklenen toplant\u0131n\u0131n ertelendi\u011fini ilan etti. Matar yay\u0131nlad\u0131\u011f\u0131 bas\u0131n bildirisinde; de Mistura\u2019n\u0131n Suriye Arap Cumhuriyeti heyeti ile tekrar g\u00f6r\u00fc\u015fmeden \u00f6nce \u2018Riyad muhalefeti\u2019 heyeti ile bir araya gelmek istedi\u011fini a\u00e7\u0131klad\u0131. Matar \u2018Riyad &hellip;<\/p>\n","protected":false},"author":1,"featured_media":59785,"comment_status":"closed","ping_status":"closed","sticky":false,"template":"","format":"standard","meta":{"footnotes":""},"categories":[458,459,17988],"tags":[18473,18944,18472,18943],"class_list":["post-59782","post","type-post","status-publish","format-standard","has-post-thumbnail","","category-dunya1","category-haberler-arap-uluslararasi-politika","category-son-haberler","tag-cenevre-gorusmeleri","tag-riyad-muhalefeti-heyeti","tag-staffan-de-mistura","tag-suriye-arap-cumhuriyeti-heyeti"],"_links":{"self":[{"href":"https:\/\/archive.sana.sy\/tr\/index.php?rest_route=\/wp\/v2\/posts\/59782","targetHints":{"allow":["GET"]}}],"collection":[{"href":"https:\/\/archive.sana.sy\/tr\/index.php?rest_route=\/wp\/v2\/posts"}],"about":[{"href":"https:\/\/archive.sana.sy\/tr\/index.php?rest_route=\/wp\/v2\/types\/post"}],"author":[{"embeddable":true,"href":"https:\/\/archive.sana.sy\/tr\/index.php?rest_route=\/wp\/v2\/users\/1"}],"replies":[{"embeddable":true,"href":"https:\/\/archive.sana.sy\/tr\/index.php?rest_route=%2Fwp%2Fv2%2Fcomments&post=59782"}],"version-history":[{"count":0,"href":"https:\/\/archive.sana.sy\/tr\/index.php?rest_route=\/wp\/v2\/posts\/59782\/revisions"}],"wp:featuredmedia":[{"embeddable":true,"href":"https:\/\/archive.sana.sy\/tr\/index.php?rest_route=\/wp\/v2\/media\/59785"}],"wp:attachment":[{"href":"https:\/\/archive.sana.sy\/tr\/index.php?rest_route=%2Fwp%2Fv2%2Fmedia&parent=59782"}],"wp:term":[{"taxonomy":"category","embeddable":true,"href":"https:\/\/archive.sana.sy\/tr\/index.php?rest_route=%2Fwp%2Fv2%2Fcategories&post=59782"},{"taxonomy":"post_tag","embeddable":true,"href":"https:\/\/archive.sana.sy\/tr\/index.php?rest_route=%2Fwp%2Fv2%2Ftags&post=59782"}],"curies":[{"name":"wp","href":"https:\/\/api.w.org\/{rel}","templated":true}]}}