{"id":59787,"date":"2016-02-01T15:43:25","date_gmt":"2016-02-01T13:43:25","guid":{"rendered":"http:\/\/www.sana.sy\/tr\/?p=59787"},"modified":"2016-02-01T15:46:55","modified_gmt":"2016-02-01T13:46:55","slug":"gatilov-bugun-yaptigi-aciklamada-sivil-bolgelere-gelisiguzel-saldirilarda-bulunan-ve-cok-sayida-savunmasiz-sivil-insanin-yasamini-yitirmesine-yol-acan-bu-orgutun-cenevrede-suriyeliler-arasind","status":"publish","type":"post","link":"https:\/\/archive.sana.sy\/tr\/?p=59787","title":{"rendered":"Gatilov;  sivil b\u00f6lgelere geli\u015fig\u00fczel sald\u0131r\u0131larda bulunan ve \u00e7ok say\u0131da savunmas\u0131z sivil insan\u0131n ya\u015fam\u0131n\u0131 yitirmesine yol a\u00e7an bu \u00f6rg\u00fct\u00fcn Cenevre\u2019de Suriyeliler aras\u0131nda BM denetimi alt\u0131nda yap\u0131lan g\u00f6r\u00fc\u015fmelerde muhalefet heyetinde yeri olmad\u0131\u011f\u0131n\u0131 s\u00f6yledi"},"content":{"rendered":"<p>Gatilov; \u00a0sivil b\u00f6lgelere geli\u015fig\u00fczel sald\u0131r\u0131larda bulunan ve \u00e7ok say\u0131da savunmas\u0131z sivil insan\u0131n ya\u015fam\u0131n\u0131 yitirmesine yol a\u00e7an bu \u00f6rg\u00fct\u00fcn Cenevre\u2019de Suriyeliler aras\u0131nda BM denetimi alt\u0131nda yap\u0131lan g\u00f6r\u00fc\u015fmelerde muhalefet heyetinde yeri olmad\u0131\u011f\u0131n\u0131 s\u00f6yledi<\/p>\n","protected":false},"excerpt":{"rendered":"<p>Gatilov; \u00a0sivil b\u00f6lgelere geli\u015fig\u00fczel sald\u0131r\u0131larda bulunan ve \u00e7ok say\u0131da savunmas\u0131z sivil insan\u0131n ya\u015fam\u0131n\u0131 yitirmesine yol a\u00e7an bu \u00f6rg\u00fct\u00fcn Cenevre\u2019de Suriyeliler aras\u0131nda BM denetimi alt\u0131nda yap\u0131lan g\u00f6r\u00fc\u015fmelerde muhalefet heyetinde yeri olmad\u0131\u011f\u0131n\u0131 s\u00f6yledi<\/p>\n","protected":false},"author":1,"featured_media":0,"comment_status":"closed","ping_status":"closed","sticky":false,"template":"","format":"standard","meta":{"footnotes":""},"categories":[17991],"tags":[],"class_list":["post-59787","post","type-post","status-publish","format-standard","","category-son-dakika"],"_links":{"self":[{"href":"https:\/\/archive.sana.sy\/tr\/index.php?rest_route=\/wp\/v2\/posts\/59787","targetHints":{"allow":["GET"]}}],"collection":[{"href":"https:\/\/archive.sana.sy\/tr\/index.php?rest_route=\/wp\/v2\/posts"}],"about":[{"href":"https:\/\/archive.sana.sy\/tr\/index.php?rest_route=\/wp\/v2\/types\/post"}],"author":[{"embeddable":true,"href":"https:\/\/archive.sana.sy\/tr\/index.php?rest_route=\/wp\/v2\/users\/1"}],"replies":[{"embeddable":true,"href":"https:\/\/archive.sana.sy\/tr\/index.php?rest_route=%2Fwp%2Fv2%2Fcomments&post=59787"}],"version-history":[{"count":0,"href":"https:\/\/archive.sana.sy\/tr\/index.php?rest_route=\/wp\/v2\/posts\/59787\/revisions"}],"wp:attachment":[{"href":"https:\/\/archive.sana.sy\/tr\/index.php?rest_route=%2Fwp%2Fv2%2Fmedia&parent=59787"}],"wp:term":[{"taxonomy":"category","embeddable":true,"href":"https:\/\/archive.sana.sy\/tr\/index.php?rest_route=%2Fwp%2Fv2%2Fcategories&post=59787"},{"taxonomy":"post_tag","embeddable":true,"href":"https:\/\/archive.sana.sy\/tr\/index.php?rest_route=%2Fwp%2Fv2%2Ftags&post=59787"}],"curies":[{"name":"wp","href":"https:\/\/api.w.org\/{rel}","templated":true}]}}