{"id":59788,"date":"2016-02-01T15:38:31","date_gmt":"2016-02-01T13:38:31","guid":{"rendered":"http:\/\/www.sana.sy\/tr\/?p=59788"},"modified":"2016-02-01T15:38:31","modified_gmt":"2016-02-01T13:38:31","slug":"rusya-disisleri-bakani-yardimcisi-gennady-gatilov-baskent-sam-ve-kirsalinda-savunmasiz-sivil-insanlari-gelisiguzel-fuze-ve-roketlerle-hedef-alan-islam-ordusunun-bir-teror-orgutu-oldu","status":"publish","type":"post","link":"https:\/\/archive.sana.sy\/tr\/?p=59788","title":{"rendered":"Rusya D\u0131\u015fi\u015fleri Bakan\u0131 Yard\u0131mc\u0131s\u0131 Gennady Gatilov Ba\u015fkent \u015eam ve k\u0131rsal\u0131nda savunmas\u0131z sivil insanlar\u0131 geli\u015fig\u00fczel f\u00fcze ve roketlerle hedef alan \u2018\u0130slam Ordusu\u2019nun bir ter\u00f6r \u00f6rg\u00fct\u00fc oldu\u011funu vurgulad\u0131"},"content":{"rendered":"<p>Rusya D\u0131\u015fi\u015fleri Bakan\u0131 Yard\u0131mc\u0131s\u0131 Gennady Gatilov Ba\u015fkent \u015eam ve k\u0131rsal\u0131nda savunmas\u0131z sivil insanlar\u0131 geli\u015fig\u00fczel f\u00fcze ve roketlerle hedef alan \u2018\u0130slam Ordusu\u2019nun bir ter\u00f6r \u00f6rg\u00fct\u00fc oldu\u011funu vurgulad\u0131<\/p>\n","protected":false},"excerpt":{"rendered":"<p>Rusya D\u0131\u015fi\u015fleri Bakan\u0131 Yard\u0131mc\u0131s\u0131 Gennady Gatilov Ba\u015fkent \u015eam ve k\u0131rsal\u0131nda savunmas\u0131z sivil insanlar\u0131 geli\u015fig\u00fczel f\u00fcze ve roketlerle hedef alan \u2018\u0130slam Ordusu\u2019nun bir ter\u00f6r \u00f6rg\u00fct\u00fc oldu\u011funu vurgulad\u0131<\/p>\n","protected":false},"author":1,"featured_media":0,"comment_status":"closed","ping_status":"closed","sticky":false,"template":"","format":"standard","meta":{"footnotes":""},"categories":[17991],"tags":[],"class_list":["post-59788","post","type-post","status-publish","format-standard","","category-son-dakika"],"_links":{"self":[{"href":"https:\/\/archive.sana.sy\/tr\/index.php?rest_route=\/wp\/v2\/posts\/59788","targetHints":{"allow":["GET"]}}],"collection":[{"href":"https:\/\/archive.sana.sy\/tr\/index.php?rest_route=\/wp\/v2\/posts"}],"about":[{"href":"https:\/\/archive.sana.sy\/tr\/index.php?rest_route=\/wp\/v2\/types\/post"}],"author":[{"embeddable":true,"href":"https:\/\/archive.sana.sy\/tr\/index.php?rest_route=\/wp\/v2\/users\/1"}],"replies":[{"embeddable":true,"href":"https:\/\/archive.sana.sy\/tr\/index.php?rest_route=%2Fwp%2Fv2%2Fcomments&post=59788"}],"version-history":[{"count":0,"href":"https:\/\/archive.sana.sy\/tr\/index.php?rest_route=\/wp\/v2\/posts\/59788\/revisions"}],"wp:attachment":[{"href":"https:\/\/archive.sana.sy\/tr\/index.php?rest_route=%2Fwp%2Fv2%2Fmedia&parent=59788"}],"wp:term":[{"taxonomy":"category","embeddable":true,"href":"https:\/\/archive.sana.sy\/tr\/index.php?rest_route=%2Fwp%2Fv2%2Fcategories&post=59788"},{"taxonomy":"post_tag","embeddable":true,"href":"https:\/\/archive.sana.sy\/tr\/index.php?rest_route=%2Fwp%2Fv2%2Ftags&post=59788"}],"curies":[{"name":"wp","href":"https:\/\/api.w.org\/{rel}","templated":true}]}}