{"id":59804,"date":"2016-02-01T17:03:09","date_gmt":"2016-02-01T15:03:09","guid":{"rendered":"http:\/\/www.sana.sy\/tr\/?p=59804"},"modified":"2016-02-01T17:03:09","modified_gmt":"2016-02-01T15:03:09","slug":"bm-kaynaklari-bm-genel-sekreterinin-suriye-ozel-temsilcisi-staffan-de-misturanin-bu-aksam-saat-1800da-riyad-muhalefeti-heyeti-ile-bm-binasinda-gorusecegini-ve-ardi","status":"publish","type":"post","link":"https:\/\/archive.sana.sy\/tr\/?p=59804","title":{"rendered":"BM kaynaklar\u0131 BM genel sekreterinin Suriye \u00f6zel temsilcisi Staffan de Mistura\u2019n\u0131n bu ak\u015fam saat 18:00\u2019da \u2018Riyad muhalefeti\u2019 heyeti ile BM binas\u0131nda g\u00f6r\u00fc\u015fece\u011fini ve ard\u0131ndan bas\u0131n toplant\u0131s\u0131 d\u00fczenleyece\u011fini a\u00e7\u0131klad\u0131"},"content":{"rendered":"<p>BM kaynaklar\u0131 BM genel sekreterinin Suriye \u00f6zel temsilcisi Staffan de Mistura\u2019n\u0131n bu ak\u015fam saat 18:00\u2019da \u2018Riyad muhalefeti\u2019 heyeti ile BM binas\u0131nda g\u00f6r\u00fc\u015fece\u011fini ve ard\u0131ndan bas\u0131n toplant\u0131s\u0131 d\u00fczenleyece\u011fini a\u00e7\u0131klad\u0131<\/p>\n","protected":false},"excerpt":{"rendered":"<p>BM kaynaklar\u0131 BM genel sekreterinin Suriye \u00f6zel temsilcisi Staffan de Mistura\u2019n\u0131n bu ak\u015fam saat 18:00\u2019da \u2018Riyad muhalefeti\u2019 heyeti ile BM binas\u0131nda g\u00f6r\u00fc\u015fece\u011fini ve ard\u0131ndan bas\u0131n toplant\u0131s\u0131 d\u00fczenleyece\u011fini a\u00e7\u0131klad\u0131<\/p>\n","protected":false},"author":1,"featured_media":0,"comment_status":"closed","ping_status":"closed","sticky":false,"template":"","format":"standard","meta":{"footnotes":""},"categories":[17991],"tags":[],"class_list":["post-59804","post","type-post","status-publish","format-standard","","category-son-dakika"],"_links":{"self":[{"href":"https:\/\/archive.sana.sy\/tr\/index.php?rest_route=\/wp\/v2\/posts\/59804","targetHints":{"allow":["GET"]}}],"collection":[{"href":"https:\/\/archive.sana.sy\/tr\/index.php?rest_route=\/wp\/v2\/posts"}],"about":[{"href":"https:\/\/archive.sana.sy\/tr\/index.php?rest_route=\/wp\/v2\/types\/post"}],"author":[{"embeddable":true,"href":"https:\/\/archive.sana.sy\/tr\/index.php?rest_route=\/wp\/v2\/users\/1"}],"replies":[{"embeddable":true,"href":"https:\/\/archive.sana.sy\/tr\/index.php?rest_route=%2Fwp%2Fv2%2Fcomments&post=59804"}],"version-history":[{"count":0,"href":"https:\/\/archive.sana.sy\/tr\/index.php?rest_route=\/wp\/v2\/posts\/59804\/revisions"}],"wp:attachment":[{"href":"https:\/\/archive.sana.sy\/tr\/index.php?rest_route=%2Fwp%2Fv2%2Fmedia&parent=59804"}],"wp:term":[{"taxonomy":"category","embeddable":true,"href":"https:\/\/archive.sana.sy\/tr\/index.php?rest_route=%2Fwp%2Fv2%2Fcategories&post=59804"},{"taxonomy":"post_tag","embeddable":true,"href":"https:\/\/archive.sana.sy\/tr\/index.php?rest_route=%2Fwp%2Fv2%2Ftags&post=59804"}],"curies":[{"name":"wp","href":"https:\/\/api.w.org\/{rel}","templated":true}]}}