{"id":59806,"date":"2016-02-01T21:05:01","date_gmt":"2016-02-01T19:05:01","guid":{"rendered":"http:\/\/www.sana.sy\/tr\/?p=59806"},"modified":"2016-02-02T17:43:12","modified_gmt":"2016-02-02T15:43:12","slug":"ordu-birliklerimiz-kontrolleri-altindaki-bolgeleri-genisletmeye-devam-ediyor","status":"publish","type":"post","link":"https:\/\/archive.sana.sy\/tr\/?p=59806","title":{"rendered":"Ordu Birliklerimiz Kontrolleri Alt\u0131ndaki B\u00f6lgeleri Geni\u015fletmeye Devam Ediyor (video)"},"content":{"rendered":"<p>\u0130LLER \u2013 Kahraman ordu birliklerinin ter\u00f6ristlerin bulundu\u011fu b\u00f6lgelerde s\u00fcrd\u00fcrd\u00fc\u011f\u00fc temizleme operasyonlar\u0131nda \u00e7ok say\u0131da ter\u00f6risti \u00f6ld\u00fcrd\u00fc ellerindeki su\u00e7 edatlar\u0131n\u0131 da imha etti.<\/p>\n<p><span style=\"color: #0000ff\">HALEP:<\/span><\/p>\n<p>SANA\u2019ya a\u00e7\u0131klama yapan askeri kaynak vatan koruyucular\u0131m\u0131z\u0131n Halep k\u0131rsal\u0131n\u0131n kuzeyinde Erdo\u011fan rejiminden destek ve talimat alan ter\u00f6ristleri say\u0131 ve te\u00e7hizatlar\u0131yla ciddi kay\u0131plara u\u011fratmalar\u0131 ard\u0131ndan Tel Cbin ve Dveyr el Zeytun k\u00f6yleri ve ahalilerinin g\u00fcvenli\u011fini kontrollerine ge\u00e7irdiklerini beyan etti.<\/p>\n<p>Kaynak; ordu birliklerimize tabi bomba imha ekiplerinin arama tarama operasyonlar\u0131nda T\u00fcrkiye s\u0131n\u0131rlar\u0131na ka\u00e7madan \u00f6nce ter\u00f6ristlerin iki k\u00f6yde kamu ve \u00f6zel m\u00fclklere yerle\u015ftirdikleri may\u0131n ve bomba d\u00fczeneklerini etkisiz hale getirdiklerini aktard\u0131.<\/p>\n<p>Kaynak; ordu birliklerimizin T\u00fcrkiye s\u0131n\u0131rlar\u0131na a\u00e7\u0131lan uluslararas\u0131 otobana d\u00fc\u015fen Biyanon ve Hreytan beldelerinde ter\u00f6ristlerin toplanma yerleri ve destek hatlar\u0131n\u0131 yo\u011fun ate\u015fe tutmalar\u0131 sonucunda \u00e7ok say\u0131da ter\u00f6risti \u00f6l\u00fc ve yaral\u0131 d\u00fc\u015f\u00fcr\u00fcp ara\u00e7, silah ve m\u00fchimmatlar\u0131n\u0131 imha ettiklerini belirtti.<\/p>\n<p>Ordu birliklerimizin Halep k\u0131rsal\u0131n\u0131n do\u011fusu Siyn ve Resm k\u00f6ylerinin yan\u0131 s\u0131ra Taybe K\u00f6y\u00fcn\u00fcn mezralar\u0131nda I\u015e\u0130D\u2019in siper ve karargahlar\u0131na y\u00f6nelik nitelikli operasyonlar ger\u00e7ekle\u015ftirdiklerini s\u00f6yleyen kaynak; ter\u00f6rist ve cephane ta\u015f\u0131yan a\u011f\u0131r makineli silahlarla donat\u0131lm\u0131\u015f ara\u00e7lar\u0131n\u0131 tamam\u0131yla yok ettiklerini aktard\u0131.<\/p>\n<p>Halep Kenti \u015eeyh L\u00fctfi ve Ra\u015fidin 4 semtlerinde de ordu birliklerimizin Nusra Cephesi ve \u00e7at\u0131s\u0131 alt\u0131nda bulunan ter\u00f6r \u00f6rg\u00fctlere ait siper ve mevkilerini imha ettiklerini belirten kaynak; tekfirci ter\u00f6ristlerin saflar\u0131nda a\u011f\u0131r kay\u0131plara yol a\u00e7t\u0131klar\u0131na dikkat \u00e7ekti.<\/p>\n<p>Bu arada ter\u00f6r \u00e7eteleri medya ara\u00e7lar\u0131nda \u2018Kuzey Alay\u0131\u2019 ad\u0131yla bilinen ter\u00f6r olu\u015fumu ve Nusra Cephesinden aralar\u0131nda tehlikeli isimlerin bulundu\u011fu bir\u00e7ok ter\u00f6ristin \u00f6ld\u00fcr\u00fcld\u00fc\u011f\u00fcn\u00fc itiraf etti.<\/p>\n<p>https:\/\/www.youtube.com\/watch?v=wCfmvvMHWv0<\/p>\n<p>M.M. &#8211; R.H.<\/p>\n","protected":false},"excerpt":{"rendered":"<p>\u0130LLER \u2013 Kahraman ordu birliklerinin ter\u00f6ristlerin bulundu\u011fu b\u00f6lgelerde s\u00fcrd\u00fcrd\u00fc\u011f\u00fc temizleme operasyonlar\u0131nda \u00e7ok say\u0131da ter\u00f6risti \u00f6ld\u00fcrd\u00fc ellerindeki su\u00e7 edatlar\u0131n\u0131 da imha etti. HALEP: SANA\u2019ya a\u00e7\u0131klama yapan askeri kaynak vatan koruyucular\u0131m\u0131z\u0131n Halep k\u0131rsal\u0131n\u0131n kuzeyinde Erdo\u011fan rejiminden destek ve talimat alan ter\u00f6ristleri say\u0131 ve te\u00e7hizatlar\u0131yla ciddi kay\u0131plara u\u011fratmalar\u0131 ard\u0131ndan Tel Cbin ve Dveyr el Zeytun k\u00f6yleri ve ahalilerinin &hellip;<\/p>\n","protected":false},"author":1,"featured_media":59810,"comment_status":"closed","ping_status":"closed","sticky":false,"template":"","format":"standard","meta":{"footnotes":""},"categories":[575],"tags":[],"class_list":["post-59806","post","type-post","status-publish","format-standard","has-post-thumbnail","","category-olaylar-ve-gercekler"],"_links":{"self":[{"href":"https:\/\/archive.sana.sy\/tr\/index.php?rest_route=\/wp\/v2\/posts\/59806","targetHints":{"allow":["GET"]}}],"collection":[{"href":"https:\/\/archive.sana.sy\/tr\/index.php?rest_route=\/wp\/v2\/posts"}],"about":[{"href":"https:\/\/archive.sana.sy\/tr\/index.php?rest_route=\/wp\/v2\/types\/post"}],"author":[{"embeddable":true,"href":"https:\/\/archive.sana.sy\/tr\/index.php?rest_route=\/wp\/v2\/users\/1"}],"replies":[{"embeddable":true,"href":"https:\/\/archive.sana.sy\/tr\/index.php?rest_route=%2Fwp%2Fv2%2Fcomments&post=59806"}],"version-history":[{"count":0,"href":"https:\/\/archive.sana.sy\/tr\/index.php?rest_route=\/wp\/v2\/posts\/59806\/revisions"}],"wp:featuredmedia":[{"embeddable":true,"href":"https:\/\/archive.sana.sy\/tr\/index.php?rest_route=\/wp\/v2\/media\/59810"}],"wp:attachment":[{"href":"https:\/\/archive.sana.sy\/tr\/index.php?rest_route=%2Fwp%2Fv2%2Fmedia&parent=59806"}],"wp:term":[{"taxonomy":"category","embeddable":true,"href":"https:\/\/archive.sana.sy\/tr\/index.php?rest_route=%2Fwp%2Fv2%2Fcategories&post=59806"},{"taxonomy":"post_tag","embeddable":true,"href":"https:\/\/archive.sana.sy\/tr\/index.php?rest_route=%2Fwp%2Fv2%2Ftags&post=59806"}],"curies":[{"name":"wp","href":"https:\/\/api.w.org\/{rel}","templated":true}]}}