{"id":59816,"date":"2016-02-01T20:45:55","date_gmt":"2016-02-01T18:45:55","guid":{"rendered":"http:\/\/www.sana.sy\/tr\/?p=59816"},"modified":"2016-02-01T20:47:16","modified_gmt":"2016-02-01T18:47:16","slug":"suriyenin-turkiye-hukumetinden-suriye-arap-cumhuriyetinin-ulusal-egemenligine-ve-halkina-yonelik-saldirilarina-son-vermesini-talep-ettigini-belirten-kaynak-ayni-zamanda-uluslar-arasi-kanun-ve-karar","status":"publish","type":"post","link":"https:\/\/archive.sana.sy\/tr\/?p=59816","title":{"rendered":"Suriye&#8217;nin T\u00fcrkiye h\u00fck\u00fcmetinden Suriye Arap Cumhuriyetinin ulusal egemenli\u011fine ve halk\u0131na y\u00f6nelik sald\u0131r\u0131lar\u0131na son vermesini talep etti\u011fini belirten kaynak, ayn\u0131 zamanda uluslar aras\u0131 kanun ve kararlar\u0131n ilkelerine sayg\u0131 g\u00f6stermesini talep etti\u011fini vurgulad\u0131"},"content":{"rendered":"<p>Suriye&#8217;nin T\u00fcrkiye h\u00fck\u00fcmetinden Suriye Arap Cumhuriyetinin ulusal egemenli\u011fine ve halk\u0131na y\u00f6nelik sald\u0131r\u0131lar\u0131na son vermesini talep etti\u011fini belirten kaynak, ayn\u0131 zamanda uluslar aras\u0131 kanun ve kararlar\u0131n ilkelerine sayg\u0131 g\u00f6stermesini talep etti\u011fini vurgulad\u0131<\/p>\n","protected":false},"excerpt":{"rendered":"<p>Suriye&#8217;nin T\u00fcrkiye h\u00fck\u00fcmetinden Suriye Arap Cumhuriyetinin ulusal egemenli\u011fine ve halk\u0131na y\u00f6nelik sald\u0131r\u0131lar\u0131na son vermesini talep etti\u011fini belirten kaynak, ayn\u0131 zamanda uluslar aras\u0131 kanun ve kararlar\u0131n ilkelerine sayg\u0131 g\u00f6stermesini talep etti\u011fini vurgulad\u0131<\/p>\n","protected":false},"author":1,"featured_media":0,"comment_status":"closed","ping_status":"closed","sticky":false,"template":"","format":"standard","meta":{"footnotes":""},"categories":[17991],"tags":[],"class_list":["post-59816","post","type-post","status-publish","format-standard","","category-son-dakika"],"_links":{"self":[{"href":"https:\/\/archive.sana.sy\/tr\/index.php?rest_route=\/wp\/v2\/posts\/59816","targetHints":{"allow":["GET"]}}],"collection":[{"href":"https:\/\/archive.sana.sy\/tr\/index.php?rest_route=\/wp\/v2\/posts"}],"about":[{"href":"https:\/\/archive.sana.sy\/tr\/index.php?rest_route=\/wp\/v2\/types\/post"}],"author":[{"embeddable":true,"href":"https:\/\/archive.sana.sy\/tr\/index.php?rest_route=\/wp\/v2\/users\/1"}],"replies":[{"embeddable":true,"href":"https:\/\/archive.sana.sy\/tr\/index.php?rest_route=%2Fwp%2Fv2%2Fcomments&post=59816"}],"version-history":[{"count":0,"href":"https:\/\/archive.sana.sy\/tr\/index.php?rest_route=\/wp\/v2\/posts\/59816\/revisions"}],"wp:attachment":[{"href":"https:\/\/archive.sana.sy\/tr\/index.php?rest_route=%2Fwp%2Fv2%2Fmedia&parent=59816"}],"wp:term":[{"taxonomy":"category","embeddable":true,"href":"https:\/\/archive.sana.sy\/tr\/index.php?rest_route=%2Fwp%2Fv2%2Fcategories&post=59816"},{"taxonomy":"post_tag","embeddable":true,"href":"https:\/\/archive.sana.sy\/tr\/index.php?rest_route=%2Fwp%2Fv2%2Ftags&post=59816"}],"curies":[{"name":"wp","href":"https:\/\/api.w.org\/{rel}","templated":true}]}}