{"id":59818,"date":"2016-02-01T20:53:43","date_gmt":"2016-02-01T18:53:43","guid":{"rendered":"http:\/\/www.sana.sy\/tr\/?p=59818"},"modified":"2016-02-02T21:37:29","modified_gmt":"2016-02-02T19:37:29","slug":"suriye-uygun-gordugu-yontemle-karsi-koyma-hakkini-sakli-tutuyor","status":"publish","type":"post","link":"https:\/\/archive.sana.sy\/tr\/?p=59818","title":{"rendered":"Suriye Uygun G\u00f6rd\u00fc\u011f\u00fc Y\u00f6ntemle Kar\u015f\u0131 Koyma Hakk\u0131n\u0131 Sakl\u0131 Tutuyor"},"content":{"rendered":"<p>\u015eAM \u2013 D\u0131\u015fi\u015fleri ve Gurbet\u00e7iler Bakanl\u0131\u011f\u0131nda yetkili bir kaynak T\u00fcrkiye otoritelerinin T\u00fcrk ordusuna tabi a\u011f\u0131r toplarla Lazkiye k\u0131rsal\u0131n\u0131n Utayra Da\u011f\u0131n\u0131 top ate\u015fine tutmalar\u0131yla sivil vatanda\u015flar\u0131n saflar\u0131nda isabetlere yol a\u00e7t\u0131klar\u0131n\u0131 belirtti.<\/p>\n<p>Kaynak Suriye Arap Cumhuriyetinin T\u00fcrkiye otoritelerinin bu fiilini uluslar aras\u0131 kanunlara a\u00e7\u0131k ve net bir ihlal olarak g\u00f6rmesinin yan\u0131 s\u0131ra, Suriyeli sivil vatanda\u015flara kar\u015f\u0131 da bir su\u00e7 olarak nitelendirdi\u011fini belirtti. Suriye&#8217;nin T\u00fcrkiye h\u00fck\u00fcmetinden Suriye Arap Cumhuriyetinin ulusal egemenli\u011fine ve halk\u0131na y\u00f6nelik sald\u0131r\u0131lar\u0131na son vermesini talep etti\u011fini belirten kaynak, ayn\u0131 zamanda uluslar aras\u0131 kanun ve kararlar\u0131n ilkelerine sayg\u0131 g\u00f6stermesini talep etti\u011fini vurgulad\u0131.<\/p>\n<p>D\u0131\u015fi\u015fleri ve Gurbet\u00e7iler Bakanl\u0131\u011f\u0131 kayna\u011f\u0131 Suriye&#8217;nin; uluslar aras\u0131 toplumdan da T\u00fcrkiye h\u00fck\u00fcmetini Suriye ve halk\u0131na y\u00f6nelik ku\u015fkuya yer b\u0131rakmayan bu sald\u0131r\u0131lar\u0131n\u0131 durdurmaya zorlamas\u0131n\u0131 talep etti\u011fini, BM\u2019de \u00fcye bir devlet olarak kanuni ve misak\u0131 sorumluluk ve ba\u011fl\u0131l\u0131klar\u0131n\u0131 yerine getirmesine zorlamas\u0131n\u0131 talep etti\u011fini ifade etti.<\/p>\n<p>Kaynak Suriye Arap Cumhuriyetinin; T\u00fcrkiye h\u00fck\u00fcmetinin bu sald\u0131r\u0131lar\u0131na kar\u015f\u0131 koymada uygun g\u00f6rd\u00fc\u011f\u00fc zamanda ve y\u00f6ntemde cevap verme hakk\u0131n\u0131 sakl\u0131 tuttu\u011funun alt\u0131n\u0131 \u00e7izdi.<\/p>\n","protected":false},"excerpt":{"rendered":"<p>\u015eAM \u2013 D\u0131\u015fi\u015fleri ve Gurbet\u00e7iler Bakanl\u0131\u011f\u0131nda yetkili bir kaynak T\u00fcrkiye otoritelerinin T\u00fcrk ordusuna tabi a\u011f\u0131r toplarla Lazkiye k\u0131rsal\u0131n\u0131n Utayra Da\u011f\u0131n\u0131 top ate\u015fine tutmalar\u0131yla sivil vatanda\u015flar\u0131n saflar\u0131nda isabetlere yol a\u00e7t\u0131klar\u0131n\u0131 belirtti. Kaynak Suriye Arap Cumhuriyetinin T\u00fcrkiye otoritelerinin bu fiilini uluslar aras\u0131 kanunlara a\u00e7\u0131k ve net bir ihlal olarak g\u00f6rmesinin yan\u0131 s\u0131ra, Suriyeli sivil vatanda\u015flara kar\u015f\u0131 da &hellip;<\/p>\n","protected":false},"author":1,"featured_media":54806,"comment_status":"closed","ping_status":"closed","sticky":false,"template":"","format":"standard","meta":{"footnotes":""},"categories":[479,2554,2555,478],"tags":[18948],"class_list":["post-59818","post","type-post","status-publish","format-standard","has-post-thumbnail","","category-haberler-yerel","category-suriye-ve-dunya","category-suriye-ve-turkiye","category-yerel","tag-suriye-uygun-gordugu-yontemle-karsi-koyma-hakkini-sakli-tutuyor"],"_links":{"self":[{"href":"https:\/\/archive.sana.sy\/tr\/index.php?rest_route=\/wp\/v2\/posts\/59818","targetHints":{"allow":["GET"]}}],"collection":[{"href":"https:\/\/archive.sana.sy\/tr\/index.php?rest_route=\/wp\/v2\/posts"}],"about":[{"href":"https:\/\/archive.sana.sy\/tr\/index.php?rest_route=\/wp\/v2\/types\/post"}],"author":[{"embeddable":true,"href":"https:\/\/archive.sana.sy\/tr\/index.php?rest_route=\/wp\/v2\/users\/1"}],"replies":[{"embeddable":true,"href":"https:\/\/archive.sana.sy\/tr\/index.php?rest_route=%2Fwp%2Fv2%2Fcomments&post=59818"}],"version-history":[{"count":0,"href":"https:\/\/archive.sana.sy\/tr\/index.php?rest_route=\/wp\/v2\/posts\/59818\/revisions"}],"wp:featuredmedia":[{"embeddable":true,"href":"https:\/\/archive.sana.sy\/tr\/index.php?rest_route=\/wp\/v2\/media\/54806"}],"wp:attachment":[{"href":"https:\/\/archive.sana.sy\/tr\/index.php?rest_route=%2Fwp%2Fv2%2Fmedia&parent=59818"}],"wp:term":[{"taxonomy":"category","embeddable":true,"href":"https:\/\/archive.sana.sy\/tr\/index.php?rest_route=%2Fwp%2Fv2%2Fcategories&post=59818"},{"taxonomy":"post_tag","embeddable":true,"href":"https:\/\/archive.sana.sy\/tr\/index.php?rest_route=%2Fwp%2Fv2%2Ftags&post=59818"}],"curies":[{"name":"wp","href":"https:\/\/api.w.org\/{rel}","templated":true}]}}