{"id":59820,"date":"2016-02-01T20:58:22","date_gmt":"2016-02-01T18:58:22","guid":{"rendered":"http:\/\/www.sana.sy\/tr\/?p=59820"},"modified":"2016-02-01T20:58:22","modified_gmt":"2016-02-01T18:58:22","slug":"bm-suriye-ozel-temsilcisi-staffan-de-mistura-basina-yaptigi-aciklamada-suriyeliler-arasindaki-diyalogun-daha-cok-derinlesecegini-belirtirken-ilerlemenin-saglanmasinda-istek-ve-irade-gordugunu-belirt","status":"publish","type":"post","link":"https:\/\/archive.sana.sy\/tr\/?p=59820","title":{"rendered":"BM Suriye \u00f6zel temsilcisi Staffan de Mistura bas\u0131na yapt\u0131\u011f\u0131 a\u00e7\u0131klamada; Suriyeliler aras\u0131ndaki diyalogun daha \u00e7ok derinle\u015fece\u011fini belirtirken, ilerlemenin sa\u011flanmas\u0131nda istek ve irade g\u00f6rd\u00fc\u011f\u00fcn\u00fc belirtti.\u200f"},"content":{"rendered":"<p>BM Suriye \u00f6zel temsilcisi Staffan de Mistura bas\u0131na yapt\u0131\u011f\u0131 a\u00e7\u0131klamada; Suriyeliler aras\u0131ndaki diyalogun daha \u00e7ok derinle\u015fece\u011fini belirtirken, ilerlemenin sa\u011flanmas\u0131nda istek ve irade g\u00f6rd\u00fc\u011f\u00fcn\u00fc belirtti.\u200f<\/p>\n","protected":false},"excerpt":{"rendered":"<p>BM Suriye \u00f6zel temsilcisi Staffan de Mistura bas\u0131na yapt\u0131\u011f\u0131 a\u00e7\u0131klamada; Suriyeliler aras\u0131ndaki diyalogun daha \u00e7ok derinle\u015fece\u011fini belirtirken, ilerlemenin sa\u011flanmas\u0131nda istek ve irade g\u00f6rd\u00fc\u011f\u00fcn\u00fc belirtti.\u200f<\/p>\n","protected":false},"author":1,"featured_media":0,"comment_status":"closed","ping_status":"closed","sticky":false,"template":"","format":"standard","meta":{"footnotes":""},"categories":[17991],"tags":[],"class_list":["post-59820","post","type-post","status-publish","format-standard","","category-son-dakika"],"_links":{"self":[{"href":"https:\/\/archive.sana.sy\/tr\/index.php?rest_route=\/wp\/v2\/posts\/59820","targetHints":{"allow":["GET"]}}],"collection":[{"href":"https:\/\/archive.sana.sy\/tr\/index.php?rest_route=\/wp\/v2\/posts"}],"about":[{"href":"https:\/\/archive.sana.sy\/tr\/index.php?rest_route=\/wp\/v2\/types\/post"}],"author":[{"embeddable":true,"href":"https:\/\/archive.sana.sy\/tr\/index.php?rest_route=\/wp\/v2\/users\/1"}],"replies":[{"embeddable":true,"href":"https:\/\/archive.sana.sy\/tr\/index.php?rest_route=%2Fwp%2Fv2%2Fcomments&post=59820"}],"version-history":[{"count":0,"href":"https:\/\/archive.sana.sy\/tr\/index.php?rest_route=\/wp\/v2\/posts\/59820\/revisions"}],"wp:attachment":[{"href":"https:\/\/archive.sana.sy\/tr\/index.php?rest_route=%2Fwp%2Fv2%2Fmedia&parent=59820"}],"wp:term":[{"taxonomy":"category","embeddable":true,"href":"https:\/\/archive.sana.sy\/tr\/index.php?rest_route=%2Fwp%2Fv2%2Fcategories&post=59820"},{"taxonomy":"post_tag","embeddable":true,"href":"https:\/\/archive.sana.sy\/tr\/index.php?rest_route=%2Fwp%2Fv2%2Ftags&post=59820"}],"curies":[{"name":"wp","href":"https:\/\/api.w.org\/{rel}","templated":true}]}}