{"id":59841,"date":"2016-02-02T12:20:19","date_gmt":"2016-02-02T10:20:19","guid":{"rendered":"http:\/\/www.sana.sy\/tr\/?p=59841"},"modified":"2016-02-02T12:20:19","modified_gmt":"2016-02-02T10:20:19","slug":"rusya-disisleri-bakani-sergey-lavrov-birlesik-arap-emirlikleri-disisleri-bakani-abdullah-bin-zayid-al-nehyan-ile-duzenledigi-ortak-basin-toplantisinda-islam-ordusu-ve-ahrar-el-sam-i","status":"publish","type":"post","link":"https:\/\/archive.sana.sy\/tr\/?p=59841","title":{"rendered":"Rusya D\u0131\u015fi\u015fleri Bakan\u0131 Sergey Lavrov Birle\u015fik Arap Emirlikleri D\u0131\u015fi\u015fleri Bakan\u0131 Abdullah Bin Zayid Al Nehyan ile d\u00fczenledi\u011fi ortak bas\u0131n toplant\u0131s\u0131nda; \u2018\u0130slam Ordusu\u2019 ve Ahrar el \u015eam \u0130slami Hareketi \u00f6rg\u00fctlerinden temsilcilerin Cenevre g\u00f6r\u00fc\u015fmelerine kat\u0131lmalar\u0131n\u0131n bu iki \u00f6rg\u00fct\u00fcn ter\u00f6r \u00f6rg\u00fctleri olmad\u0131klar\u0131 anlam\u0131na gelmedi\u011finin alt\u0131n\u0131 \u00e7izdi"},"content":{"rendered":"<p>Rusya D\u0131\u015fi\u015fleri Bakan\u0131 Sergey Lavrov Birle\u015fik Arap Emirlikleri D\u0131\u015fi\u015fleri Bakan\u0131 Abdullah Bin Zayid Al Nehyan ile d\u00fczenledi\u011fi ortak bas\u0131n toplant\u0131s\u0131nda; \u2018\u0130slam Ordusu\u2019 ve Ahrar el \u015eam \u0130slami Hareketi \u00f6rg\u00fctlerinden temsilcilerin Cenevre g\u00f6r\u00fc\u015fmelerine kat\u0131lmalar\u0131n\u0131n bu iki \u00f6rg\u00fct\u00fcn ter\u00f6r \u00f6rg\u00fctleri olmad\u0131klar\u0131 anlam\u0131na gelmedi\u011finin alt\u0131n\u0131 \u00e7izdi<\/p>\n","protected":false},"excerpt":{"rendered":"<p>Rusya D\u0131\u015fi\u015fleri Bakan\u0131 Sergey Lavrov Birle\u015fik Arap Emirlikleri D\u0131\u015fi\u015fleri Bakan\u0131 Abdullah Bin Zayid Al Nehyan ile d\u00fczenledi\u011fi ortak bas\u0131n toplant\u0131s\u0131nda; \u2018\u0130slam Ordusu\u2019 ve Ahrar el \u015eam \u0130slami Hareketi \u00f6rg\u00fctlerinden temsilcilerin Cenevre g\u00f6r\u00fc\u015fmelerine kat\u0131lmalar\u0131n\u0131n bu iki \u00f6rg\u00fct\u00fcn ter\u00f6r \u00f6rg\u00fctleri olmad\u0131klar\u0131 anlam\u0131na gelmedi\u011finin alt\u0131n\u0131 \u00e7izdi<\/p>\n","protected":false},"author":1,"featured_media":0,"comment_status":"closed","ping_status":"closed","sticky":false,"template":"","format":"standard","meta":{"footnotes":""},"categories":[17991],"tags":[],"class_list":["post-59841","post","type-post","status-publish","format-standard","","category-son-dakika"],"_links":{"self":[{"href":"https:\/\/archive.sana.sy\/tr\/index.php?rest_route=\/wp\/v2\/posts\/59841","targetHints":{"allow":["GET"]}}],"collection":[{"href":"https:\/\/archive.sana.sy\/tr\/index.php?rest_route=\/wp\/v2\/posts"}],"about":[{"href":"https:\/\/archive.sana.sy\/tr\/index.php?rest_route=\/wp\/v2\/types\/post"}],"author":[{"embeddable":true,"href":"https:\/\/archive.sana.sy\/tr\/index.php?rest_route=\/wp\/v2\/users\/1"}],"replies":[{"embeddable":true,"href":"https:\/\/archive.sana.sy\/tr\/index.php?rest_route=%2Fwp%2Fv2%2Fcomments&post=59841"}],"version-history":[{"count":0,"href":"https:\/\/archive.sana.sy\/tr\/index.php?rest_route=\/wp\/v2\/posts\/59841\/revisions"}],"wp:attachment":[{"href":"https:\/\/archive.sana.sy\/tr\/index.php?rest_route=%2Fwp%2Fv2%2Fmedia&parent=59841"}],"wp:term":[{"taxonomy":"category","embeddable":true,"href":"https:\/\/archive.sana.sy\/tr\/index.php?rest_route=%2Fwp%2Fv2%2Fcategories&post=59841"},{"taxonomy":"post_tag","embeddable":true,"href":"https:\/\/archive.sana.sy\/tr\/index.php?rest_route=%2Fwp%2Fv2%2Ftags&post=59841"}],"curies":[{"name":"wp","href":"https:\/\/api.w.org\/{rel}","templated":true}]}}