{"id":59845,"date":"2016-02-02T09:46:32","date_gmt":"2016-02-02T07:46:32","guid":{"rendered":"http:\/\/www.sana.sy\/tr\/?p=59845"},"modified":"2016-02-02T12:28:31","modified_gmt":"2016-02-02T10:28:31","slug":"askeri-kaynak-halep-kirsalinda-turkiye-rejiminin-destekledigi-tekfirci-ve-hain-teroristlere-karsi-operasyonlarini-surduren-ordu-birliklerimizin-il-kirsalinin-kuzeyi-hardeteyn-koyunde-cok-sayida-terori","status":"publish","type":"post","link":"https:\/\/archive.sana.sy\/tr\/?p=59845","title":{"rendered":"Askeri kaynak Halep k\u0131rsal\u0131nda T\u00fcrkiye rejiminin destekledi\u011fi tekfirci ve hain ter\u00f6ristlere kar\u015f\u0131 operasyonlar\u0131n\u0131 s\u00fcrd\u00fcren ordu birliklerimizin il k\u0131rsal\u0131n\u0131n kuzeyi Hardeteyn K\u00f6y\u00fcnde \u00e7ok say\u0131da ter\u00f6risti \u00f6ld\u00fcrmeleri ard\u0131ndan k\u00f6y ve ahalisinin g\u00fcvenli\u011fini kontrollerine ge\u00e7irdiklerini belirtti"},"content":{"rendered":"<p>Askeri kaynak Halep k\u0131rsal\u0131nda T\u00fcrkiye rejiminin destekledi\u011fi tekfirci ve hain ter\u00f6ristlere kar\u015f\u0131 operasyonlar\u0131n\u0131 s\u00fcrd\u00fcren ordu birliklerimizin il k\u0131rsal\u0131n\u0131n kuzeyi Hardeteyn K\u00f6y\u00fcnde \u00e7ok say\u0131da ter\u00f6risti \u00f6ld\u00fcrmeleri ard\u0131ndan k\u00f6y ve ahalisinin g\u00fcvenli\u011fini kontrollerine ge\u00e7irdiklerini belirtti<\/p>\n","protected":false},"excerpt":{"rendered":"<p>Askeri kaynak Halep k\u0131rsal\u0131nda T\u00fcrkiye rejiminin destekledi\u011fi tekfirci ve hain ter\u00f6ristlere kar\u015f\u0131 operasyonlar\u0131n\u0131 s\u00fcrd\u00fcren ordu birliklerimizin il k\u0131rsal\u0131n\u0131n kuzeyi Hardeteyn K\u00f6y\u00fcnde \u00e7ok say\u0131da ter\u00f6risti \u00f6ld\u00fcrmeleri ard\u0131ndan k\u00f6y ve ahalisinin g\u00fcvenli\u011fini kontrollerine ge\u00e7irdiklerini belirtti<\/p>\n","protected":false},"author":1,"featured_media":0,"comment_status":"closed","ping_status":"closed","sticky":false,"template":"","format":"standard","meta":{"footnotes":""},"categories":[17991],"tags":[],"class_list":["post-59845","post","type-post","status-publish","format-standard","","category-son-dakika"],"_links":{"self":[{"href":"https:\/\/archive.sana.sy\/tr\/index.php?rest_route=\/wp\/v2\/posts\/59845","targetHints":{"allow":["GET"]}}],"collection":[{"href":"https:\/\/archive.sana.sy\/tr\/index.php?rest_route=\/wp\/v2\/posts"}],"about":[{"href":"https:\/\/archive.sana.sy\/tr\/index.php?rest_route=\/wp\/v2\/types\/post"}],"author":[{"embeddable":true,"href":"https:\/\/archive.sana.sy\/tr\/index.php?rest_route=\/wp\/v2\/users\/1"}],"replies":[{"embeddable":true,"href":"https:\/\/archive.sana.sy\/tr\/index.php?rest_route=%2Fwp%2Fv2%2Fcomments&post=59845"}],"version-history":[{"count":0,"href":"https:\/\/archive.sana.sy\/tr\/index.php?rest_route=\/wp\/v2\/posts\/59845\/revisions"}],"wp:attachment":[{"href":"https:\/\/archive.sana.sy\/tr\/index.php?rest_route=%2Fwp%2Fv2%2Fmedia&parent=59845"}],"wp:term":[{"taxonomy":"category","embeddable":true,"href":"https:\/\/archive.sana.sy\/tr\/index.php?rest_route=%2Fwp%2Fv2%2Fcategories&post=59845"},{"taxonomy":"post_tag","embeddable":true,"href":"https:\/\/archive.sana.sy\/tr\/index.php?rest_route=%2Fwp%2Fv2%2Ftags&post=59845"}],"curies":[{"name":"wp","href":"https:\/\/api.w.org\/{rel}","templated":true}]}}